{"id":583,"date":"2023-02-10T12:21:18","date_gmt":"2023-02-10T09:21:18","guid":{"rendered":"https:\/\/www.turhalhakimiyet.com\/?p=583"},"modified":"2023-02-10T12:21:18","modified_gmt":"2023-02-10T09:21:18","slug":"150-afetzede-tokata-getirildi","status":"publish","type":"post","link":"https:\/\/www.turhalhakimiyet.com\/index.php\/150-afetzede-tokata-getirildi\/","title":{"rendered":"150 AFETZEDE TOKAT&#8217;A GET\u0130R\u0130LD\u0130"},"content":{"rendered":"\n<p>Afetzede Yard\u0131m ve Bar\u0131nma<br>\u0130l Komisyonu Gen\u00e7lik Merkezinde \u00e7al\u0131\u015fmalar\u0131na ba\u015flad\u0131.<br>6 \u015eubat 2023 tarihinde<br>meydana gelen ve 10 \u015fehirde y\u0131k\u0131c\u0131 etkilerini g\u00f6steren depremde, evleri ve e\u015fyalar\u0131 zarar g\u00f6ren vatanda\u015flar\u0131m\u0131z\u0131 ilimizde misafir etmek ve ihtiya\u00e7lar\u0131n\u0131 kar\u015f\u0131lamak<br>misyonu ile kurulan komisyon \u00e7al\u0131\u015fmalar\u0131n\u0131 t\u00fcm h\u0131z\u0131yla s\u00fcrd\u00fcr\u00fcyor.<br>Tokat Sosyal Hizmetler<br>\u0130l M\u00fcd\u00fcr\u00fc Mahmut \u00d6zdemir ba\u015fkanl\u0131\u011f\u0131nda kurulan<br>komisyon, \u0130l Emniyet M\u00fcd\u00fcrl\u00fc\u011f\u00fc, Tokat Belediyesi, N\u00fcfus ve Vatanda\u015fl\u0131k M\u00fcd\u00fcrl\u00fc\u011f\u00fc, Gen\u00e7lik Spor \u0130l M\u00fcd\u00fcrl\u00fc\u011f\u00fc ve Tokat Sosyal Hizmet Merkezi M\u00fcd\u00fcrl\u00fc\u011f\u00fc personellerinin ortak<br>\u00e7al\u0131\u015fmalar\u0131 ile; ilimize gelen\/getirilen afetzede<br>vatanda\u015flar\u0131m\u0131z kamu<br>kurumlar\u0131na ait yurt,<br>misafirhane ve \u00f6zel te\u015febb\u00fcs otellerde hi\u00e7bir \u00fccret<br>al\u0131nmadan bar\u0131nma ve g\u0131da<br>ihtiyac\u0131n\u0131 sa\u011flayacak.<br>Komisyonun faaliyetleri<br>bunlarla da son bulmayacak. Deprem an\u0131nda evlerinden \u00f6ylece \u00e7\u0131kan vatanda\u015flar\u0131m\u0131z\u0131n k\u0131yafet ve ileti\u015fim ihtiya\u00e7lar\u0131n\u0131 da kar\u015f\u0131layacak.<br>T\u00fcm bunlar\u0131n yan\u0131 s\u0131ra komisyonun koordinesi ile vatanda\u015flar\u0131m\u0131z\u0131n sa\u011fl\u0131k<br>kontrolleri yapt\u0131r\u0131l\u0131p,<br>Aile ve Sosyal Hizmetler \u0130l<br>M\u00fcd\u00fcrl\u00fc\u011f\u00fcnde g\u00f6revli uzman personeller taraf\u0131ndan<br>psiko-sosyal g\u00fc\u00e7lenme<br>program\u0131 ile desteklenecek.<br>Komisyon \u00e7al\u0131\u015fmalar\u0131<br>hakk\u0131nda a\u00e7\u0131klama yapan<br>\u0130l M\u00fcd\u00fcr\u00fc \u00d6zdemir \u201c\u0130\u00e7i\u015fleri Bakanl\u0131\u011f\u0131 Afet ve Acil Durum Y\u00f6netimi Ba\u015fkanl\u0131\u011f\u0131n\u0131n 06.02.2023 tarihli talimatlar\u0131<br>10 ilimizde meydana gelen deprem afeti nedeniyle afet b\u00f6lgesinde bulunan ve tahliye talebinde bulunan vatanda\u015flar\u0131m\u0131z\u0131n afet b\u00f6lgesinden tahliye edilmesine karar verildi. Bu kapsamda deprem kriz merkezince Tokat\u2019a<br>y\u00f6nlendirilecek olan<br>vatanda\u015flar i\u00e7in kentte<br>\u00e7al\u0131\u015fmalar\u0131m\u0131z\u0131 ba\u015flatt\u0131k. Tokat\u2019taki kamu kurumlar\u0131n\u0131n misafirhanelerinde, \u00e7e\u015fitli otellerde \u015fehrimize gelen depremzedeler misafir<br>edilecek. \u015eu ana kadar depremde evleri ve e\u015fyalar\u0131 zarar g\u00f6ren ve ilimize gelen 150 afetzede vatanda\u015f\u0131m\u0131z\u0131n bar\u0131nma, g\u0131da, k\u0131yafet gibi acil ihtiya\u00e7lar\u0131n\u0131 \u00e7\u00f6zd\u00fck. Yard\u0131msever Tokat halk\u0131m\u0131z\u0131n, Malatya, Hatay, Gaziantep, Kahramanmara\u015f gibi \u015fehirlerden ilimize gelen<br>vatanda\u015flar\u0131m\u0131za her t\u00fcrl\u00fc yard\u0131m\u0131 yapmaya haz\u0131r olduklar\u0131n\u0131 biliyoruz.<br>\u00c7ok \u015f\u00fck\u00fcr devletimiz<br>vatanda\u015flar\u0131m\u0131z\u0131n her<br>ihtiyac\u0131n\u0131 kar\u015f\u0131l\u0131yor.<br>Sizlerden ricam\u0131z misafir vatanda\u015flar\u0131m\u0131z\u0131n Gen\u00e7lik Merkezindeki operasyon merkezine y\u00f6nlendirilmesini ya da 0356 214 1560 nolu hattan irtibat kurdurmalar\u0131n\u0131 rica<br>ediyoruz dedi.Ey\u00fcp Mert<\/p>\n","protected":false},"excerpt":{"rendered":"<p>Afetzede Yard\u0131m ve Bar\u0131nma\u0130l Komisyonu Gen\u00e7lik Merkezinde \u00e7al\u0131\u015fmalar\u0131na ba\u015flad\u0131.6 \u015eubat 2023 tarihindemeydana gelen ve 10 \u015fehirde y\u0131k\u0131c\u0131 etkilerini g\u00f6steren depremde, evleri ve e\u015fyalar\u0131 zarar g\u00f6ren vatanda\u015flar\u0131m\u0131z\u0131 ilimizde misafir etmek ve ihtiya\u00e7lar\u0131n\u0131 kar\u015f\u0131lamakmisyonu ile kurulan komisyon \u00e7al\u0131\u015fmalar\u0131n\u0131 t\u00fcm h\u0131z\u0131yla s\u00fcrd\u00fcr\u00fcyor.Tokat Sosyal Hizmetler\u0130l M\u00fcd\u00fcr\u00fc Mahmut \u00d6zdemir ba\u015fkanl\u0131\u011f\u0131nda kurulankomisyon, \u0130l Emniyet M\u00fcd\u00fcrl\u00fc\u011f\u00fc, Tokat Belediyesi, N\u00fcfus ve Vatanda\u015fl\u0131k M\u00fcd\u00fcrl\u00fc\u011f\u00fc, [&hellip;]<\/p>\n","protected":false},"author":2,"featured_media":584,"comment_status":"open","ping_status":"open","sticky":false,"template":"","format":"standard","meta":{"footnotes":""},"categories":[1],"tags":[],"class_list":["post-583","post","type-post","status-publish","format-standard","has-post-thumbnail","hentry","category-turhal-haberleri"],"_links":{"self":[{"href":"https:\/\/www.turhalhakimiyet.com\/index.php\/wp-json\/wp\/v2\/posts\/583","targetHints":{"allow":["GET"]}}],"collection":[{"href":"https:\/\/www.turhalhakimiyet.com\/index.php\/wp-json\/wp\/v2\/posts"}],"about":[{"href":"https:\/\/www.turhalhakimiyet.com\/index.php\/wp-json\/wp\/v2\/types\/post"}],"author":[{"embeddable":true,"href":"https:\/\/www.turhalhakimiyet.com\/index.php\/wp-json\/wp\/v2\/users\/2"}],"replies":[{"embeddable":true,"href":"https:\/\/www.turhalhakimiyet.com\/index.php\/wp-json\/wp\/v2\/comments?post=583"}],"version-history":[{"count":1,"href":"https:\/\/www.turhalhakimiyet.com\/index.php\/wp-json\/wp\/v2\/posts\/583\/revisions"}],"predecessor-version":[{"id":585,"href":"https:\/\/www.turhalhakimiyet.com\/index.php\/wp-json\/wp\/v2\/posts\/583\/revisions\/585"}],"wp:featuredmedia":[{"embeddable":true,"href":"https:\/\/www.turhalhakimiyet.com\/index.php\/wp-json\/wp\/v2\/media\/584"}],"wp:attachment":[{"href":"https:\/\/www.turhalhakimiyet.com\/index.php\/wp-json\/wp\/v2\/media?parent=583"}],"wp:term":[{"taxonomy":"category","embeddable":true,"href":"https:\/\/www.turhalhakimiyet.com\/index.php\/wp-json\/wp\/v2\/categories?post=583"},{"taxonomy":"post_tag","embeddable":true,"href":"https:\/\/www.turhalhakimiyet.com\/index.php\/wp-json\/wp\/v2\/tags?post=583"}],"curies":[{"name":"wp","href":"https:\/\/api.w.org\/{rel}","templated":true}]}}