{"id":588,"date":"2023-02-10T15:05:50","date_gmt":"2023-02-10T12:05:50","guid":{"rendered":"https:\/\/www.turhalhakimiyet.com\/?p=588"},"modified":"2023-02-10T15:05:50","modified_gmt":"2023-02-10T12:05:50","slug":"bulutdevletimizi-hedef-alan-alcak-paylasimlara-itibar-etmeyelim","status":"publish","type":"post","link":"https:\/\/www.turhalhakimiyet.com\/index.php\/bulutdevletimizi-hedef-alan-alcak-paylasimlara-itibar-etmeyelim\/","title":{"rendered":"Bulut\u2019Devletimizi Hedef Alan Al\u00e7ak Payla\u015f\u0131mlara \u0130tibar Etmeyelim"},"content":{"rendered":"\n<p>Ey\u00fcp Mert<br>MHP Tokat Milletvekili Y\u00fccel Bulut \u00fclkemizin do\u011fusunda bir\u00e7ok ilde y\u0131k\u0131ma neden olan depremle \u0130lgili a\u00e7\u0131klama yapt\u0131.<br>Bulut Ac\u0131m\u0131z b\u00fcy\u00fck\u2026 Y\u00fcre\u011fimiz yan\u0131yor. Hepimizin bir yak\u0131n\u0131, Bir dostu, Bir akrabas\u0131 maalesef deprem<br>b\u00f6lgesinde ve yard\u0131m bekliyor. \u0130letilen isimler i\u00e7in yetkililerle derhal temas kuruyor, bilgileri iletiyor ve elden geleni yap\u0131yoruz&#8221; dedi.<br>DEVLET\u0130M\u0130Z VE FEDAK\u00c2R \u0130NSANLARIMIZ YO\u011eUN B\u0130R M\u00dcCADELE SERG\u0130L\u0130YOR<br>Y\u00fccel Bulut &#8220;Ac\u0131m\u0131z b\u00fcy\u00fck\u2026 Y\u00fcre\u011fimiz yan\u0131yor. Hepimizin bir yak\u0131n\u0131, Bir dostu,<br>Bir akrabas\u0131 maalesef deprem b\u00f6lgesinde ve yard\u0131m bekliyor. \u0130letilen isimler i\u00e7in yetkililerle derhal temas kuruyor, bilgileri iletiyor ve elden geleni yap\u0131yoruz. Tokat\u2019ta t\u00fcm belediyelerimiz, hem\u015ferilerimizle birlikte b\u00f6lgenin imdad\u0131na yeti\u015fmeye \u00e7al\u0131\u015f\u0131yor. Allah b\u00fct\u00fcn<br>vatanda\u015flar\u0131m\u0131zdan, Belediye Ba\u015fkanlar\u0131m\u0131zdan ve y\u00f6neticilerimizden raz\u0131 olsun. Bu so\u011fukta Allah ma\u011fdurlar\u0131m\u0131za dayanma g\u00fcc\u00fc versin.<br>Birlikte yaralar\u0131<br>saraca\u011f\u0131z. Duam\u0131z\u0131 eksik etmeyelim.<br>Allah yard\u0131mc\u0131m\u0131z olsun.<br>G\u00fcc\u00fcm\u00fcz yetti\u011fi<br>kadar yard\u0131m<br>\u00e7a\u011fr\u0131lar\u0131na kay\u0131ts\u0131z kalmamaya, elden geleni yapmaya gayret g\u00f6steriyoruz.L\u00fctfen devletimizi ve kurtarma \u00e7al\u0131\u015fmalar\u0131nda g\u00f6rev alanlar\u0131 hedef alan al\u00e7ak payla\u015f\u0131mlara itibar etmeyin. Devletimiz elinden geleni yap\u0131yor ve fedak\u00e2r insan\u0131m\u0131z yo\u011fun bir m\u00fccadele sergiliyor diye konu\u015ftu.<\/p>\n","protected":false},"excerpt":{"rendered":"<p>Ey\u00fcp MertMHP Tokat Milletvekili Y\u00fccel Bulut \u00fclkemizin do\u011fusunda bir\u00e7ok ilde y\u0131k\u0131ma neden olan depremle \u0130lgili a\u00e7\u0131klama yapt\u0131.Bulut Ac\u0131m\u0131z b\u00fcy\u00fck\u2026 Y\u00fcre\u011fimiz yan\u0131yor. Hepimizin bir yak\u0131n\u0131, Bir dostu, Bir akrabas\u0131 maalesef depremb\u00f6lgesinde ve yard\u0131m bekliyor. \u0130letilen isimler i\u00e7in yetkililerle derhal temas kuruyor, bilgileri iletiyor ve elden geleni yap\u0131yoruz&#8221; dedi.DEVLET\u0130M\u0130Z VE FEDAK\u00c2R \u0130NSANLARIMIZ YO\u011eUN B\u0130R M\u00dcCADELE SERG\u0130L\u0130YORY\u00fccel Bulut [&hellip;]<\/p>\n","protected":false},"author":2,"featured_media":589,"comment_status":"open","ping_status":"open","sticky":false,"template":"","format":"standard","meta":{"footnotes":""},"categories":[1],"tags":[],"class_list":["post-588","post","type-post","status-publish","format-standard","has-post-thumbnail","hentry","category-turhal-haberleri"],"_links":{"self":[{"href":"https:\/\/www.turhalhakimiyet.com\/index.php\/wp-json\/wp\/v2\/posts\/588","targetHints":{"allow":["GET"]}}],"collection":[{"href":"https:\/\/www.turhalhakimiyet.com\/index.php\/wp-json\/wp\/v2\/posts"}],"about":[{"href":"https:\/\/www.turhalhakimiyet.com\/index.php\/wp-json\/wp\/v2\/types\/post"}],"author":[{"embeddable":true,"href":"https:\/\/www.turhalhakimiyet.com\/index.php\/wp-json\/wp\/v2\/users\/2"}],"replies":[{"embeddable":true,"href":"https:\/\/www.turhalhakimiyet.com\/index.php\/wp-json\/wp\/v2\/comments?post=588"}],"version-history":[{"count":1,"href":"https:\/\/www.turhalhakimiyet.com\/index.php\/wp-json\/wp\/v2\/posts\/588\/revisions"}],"predecessor-version":[{"id":590,"href":"https:\/\/www.turhalhakimiyet.com\/index.php\/wp-json\/wp\/v2\/posts\/588\/revisions\/590"}],"wp:featuredmedia":[{"embeddable":true,"href":"https:\/\/www.turhalhakimiyet.com\/index.php\/wp-json\/wp\/v2\/media\/589"}],"wp:attachment":[{"href":"https:\/\/www.turhalhakimiyet.com\/index.php\/wp-json\/wp\/v2\/media?parent=588"}],"wp:term":[{"taxonomy":"category","embeddable":true,"href":"https:\/\/www.turhalhakimiyet.com\/index.php\/wp-json\/wp\/v2\/categories?post=588"},{"taxonomy":"post_tag","embeddable":true,"href":"https:\/\/www.turhalhakimiyet.com\/index.php\/wp-json\/wp\/v2\/tags?post=588"}],"curies":[{"name":"wp","href":"https:\/\/api.w.org\/{rel}","templated":true}]}}