{"id":600,"date":"2023-02-13T10:23:43","date_gmt":"2023-02-13T07:23:43","guid":{"rendered":"https:\/\/www.turhalhakimiyet.com\/?p=600"},"modified":"2023-02-13T13:36:58","modified_gmt":"2023-02-13T10:36:58","slug":"adiyamanda-enkaz-altinda-kalarak-yasamini-yitiren-saglik-calisani-resadiyede-defnedildi","status":"publish","type":"post","link":"https:\/\/www.turhalhakimiyet.com\/index.php\/adiyamanda-enkaz-altinda-kalarak-yasamini-yitiren-saglik-calisani-resadiyede-defnedildi\/","title":{"rendered":"Ad\u0131yaman&#8217;da  enkaz alt\u0131nda kalarak ya\u015fam\u0131n\u0131 yitiren sa\u011fl\u0131k \u00e7al\u0131\u015fan\u0131  Re\u015fadiye&#8217;de defnedildi"},"content":{"rendered":"\n<p>Kahramanmara\u015f merkezli ve 10 ili etkileyen depremlerde Ad\u0131yaman&#8217;\u0131n G\u00f6lba\u015f\u0131 il\u00e7esinde enkaz alt\u0131nda kalarak hayat\u0131n\u0131 kaybeden 32 ya\u015f\u0131ndaki Mustafa \u015eahin&#8217;in cenazesi, Tokat&#8217;\u0131n Re\u015fadiye il\u00e7esinde topra\u011fa verildi.<\/p>\n\n\n\n<p>Asr\u0131n felaketi&#8221;&nbsp;olarak &nbsp;nitelenen depremlerde G\u00f6lba\u015f\u0131 il\u00e7esinde e\u015fi ve o\u011flu ile&nbsp;enkaz&nbsp;alt\u0131nda kalarak ya\u015fam\u0131n\u0131 yitiren&nbsp;sa\u011fl\u0131k \u00e7al\u0131\u015fan\u0131 \u015eahin&#8217;in cenazesi, Re\u015fadiye il\u00e7esini ba\u011fl\u0131 U\u011furlu k\u00f6y\u00fcne il\u00e7esine getirildi.<\/p>\n\n\n\n<p>Mustafa \u015eahin&#8217;in naa\u015f\u0131, k\u0131l\u0131nan&nbsp;cenaze &nbsp;namaz\u0131n\u0131n ard\u0131ndan k\u00f6y mezarl\u0131\u011f\u0131na defnedildi.<\/p>\n\n\n\n<p>Cenaze t\u00f6renine ailesi ve yak\u0131nlar\u0131 ile il\u00e7e y\u00f6neticileri kat\u0131ld\u0131.<\/p>\n\n\n\n<p>\u015eahin&#8217;in ayn\u0131 zamanda mesai arkada\u015f\u0131 olan e\u015fi ve o\u011flunun ise G\u00f6lba\u015f\u0131&#8217;nda topra\u011fa verildi\u011fi \u00f6\u011frenildi.<\/p>\n","protected":false},"excerpt":{"rendered":"<p>Kahramanmara\u015f merkezli ve 10 ili etkileyen depremlerde Ad\u0131yaman&#8217;\u0131n G\u00f6lba\u015f\u0131 il\u00e7esinde enkaz alt\u0131nda kalarak hayat\u0131n\u0131 kaybeden 32 ya\u015f\u0131ndaki Mustafa \u015eahin&#8217;in cenazesi, Tokat&#8217;\u0131n Re\u015fadiye il\u00e7esinde topra\u011fa verildi. Asr\u0131n felaketi&#8221;&nbsp;olarak &nbsp;nitelenen depremlerde G\u00f6lba\u015f\u0131 il\u00e7esinde e\u015fi ve o\u011flu ile&nbsp;enkaz&nbsp;alt\u0131nda kalarak ya\u015fam\u0131n\u0131 yitiren&nbsp;sa\u011fl\u0131k \u00e7al\u0131\u015fan\u0131 \u015eahin&#8217;in cenazesi, Re\u015fadiye il\u00e7esini ba\u011fl\u0131 U\u011furlu k\u00f6y\u00fcne il\u00e7esine getirildi. Mustafa \u015eahin&#8217;in naa\u015f\u0131, k\u0131l\u0131nan&nbsp;cenaze &nbsp;namaz\u0131n\u0131n ard\u0131ndan k\u00f6y [&hellip;]<\/p>\n","protected":false},"author":2,"featured_media":601,"comment_status":"open","ping_status":"open","sticky":false,"template":"","format":"standard","meta":{"footnotes":""},"categories":[1],"tags":[],"class_list":["post-600","post","type-post","status-publish","format-standard","has-post-thumbnail","hentry","category-turhal-haberleri"],"_links":{"self":[{"href":"https:\/\/www.turhalhakimiyet.com\/index.php\/wp-json\/wp\/v2\/posts\/600","targetHints":{"allow":["GET"]}}],"collection":[{"href":"https:\/\/www.turhalhakimiyet.com\/index.php\/wp-json\/wp\/v2\/posts"}],"about":[{"href":"https:\/\/www.turhalhakimiyet.com\/index.php\/wp-json\/wp\/v2\/types\/post"}],"author":[{"embeddable":true,"href":"https:\/\/www.turhalhakimiyet.com\/index.php\/wp-json\/wp\/v2\/users\/2"}],"replies":[{"embeddable":true,"href":"https:\/\/www.turhalhakimiyet.com\/index.php\/wp-json\/wp\/v2\/comments?post=600"}],"version-history":[{"count":3,"href":"https:\/\/www.turhalhakimiyet.com\/index.php\/wp-json\/wp\/v2\/posts\/600\/revisions"}],"predecessor-version":[{"id":614,"href":"https:\/\/www.turhalhakimiyet.com\/index.php\/wp-json\/wp\/v2\/posts\/600\/revisions\/614"}],"wp:featuredmedia":[{"embeddable":true,"href":"https:\/\/www.turhalhakimiyet.com\/index.php\/wp-json\/wp\/v2\/media\/601"}],"wp:attachment":[{"href":"https:\/\/www.turhalhakimiyet.com\/index.php\/wp-json\/wp\/v2\/media?parent=600"}],"wp:term":[{"taxonomy":"category","embeddable":true,"href":"https:\/\/www.turhalhakimiyet.com\/index.php\/wp-json\/wp\/v2\/categories?post=600"},{"taxonomy":"post_tag","embeddable":true,"href":"https:\/\/www.turhalhakimiyet.com\/index.php\/wp-json\/wp\/v2\/tags?post=600"}],"curies":[{"name":"wp","href":"https:\/\/api.w.org\/{rel}","templated":true}]}}