{"id":607,"date":"2023-02-13T10:31:29","date_gmt":"2023-02-13T07:31:29","guid":{"rendered":"https:\/\/www.turhalhakimiyet.com\/?p=607"},"modified":"2023-02-13T13:34:16","modified_gmt":"2023-02-13T10:34:16","slug":"erbaadan-deprem-bolgesine-yiyecek-yardimi","status":"publish","type":"post","link":"https:\/\/www.turhalhakimiyet.com\/index.php\/erbaadan-deprem-bolgesine-yiyecek-yardimi\/","title":{"rendered":"Erbaa&#8217;dan deprem b\u00f6lgesine yiyecek yard\u0131m\u0131 yap\u0131ld\u0131"},"content":{"rendered":"\n<p>&#8220;Asr\u0131n felaketi&#8221; olarak nitelenen Kahramanmara\u015f merkezli depremlerin etkiledi\u011fi illere Tokat&#8217;\u0131n Erbaa il\u00e7esinden ba\u011f\u0131\u015flanan hayvanlar\u0131n etlerinden yap\u0131lacak kavurma g\u00f6nderilecek.<\/p>\n\n\n\n<p>Erbaa&nbsp;Belediyesi&nbsp;taraf\u0131ndan organize&nbsp;edilen kampanya kapsam\u0131nda deprem b\u00f6lgesine g\u00f6nderilmek \u00fczere vatanda\u015flar\u0131n ba\u011f\u0131\u015flad\u0131\u011f\u0131 k\u00fc\u00e7\u00fckba\u015f hayvanlar al\u0131nd\u0131. Hayvanlar, Erbaa Belediyesi Mezbahas\u0131na getirilerek kesimi ger\u00e7ekle\u015ftirildi.<\/p>\n\n\n\n<p>Belediye personeli ve&nbsp;g\u00f6n\u00fcll\u00fc kasaplar\u0131n \u00e7al\u0131\u015fmas\u0131yla haz\u0131rlan\u0131p Ali \u00d6zg\u00fcl Konukevi&#8217;ne g\u00f6t\u00fcr\u00fclen et, kavurma yap\u0131ld\u0131ktan sonra 500 graml\u0131k paketlerde vakumlanarak deprem b\u00f6lgesine ula\u015ft\u0131r\u0131lacak.<\/p>\n\n\n\n<p>Yard\u0131m \u00e7al\u0131\u015fmas\u0131 kapsam\u0131nda yakla\u015f\u0131k 2,5 ton etin kavurma yap\u0131ld\u0131\u011f\u0131 \u00f6\u011frenildi.<\/p>\n","protected":false},"excerpt":{"rendered":"<p>&#8220;Asr\u0131n felaketi&#8221; olarak nitelenen Kahramanmara\u015f merkezli depremlerin etkiledi\u011fi illere Tokat&#8217;\u0131n Erbaa il\u00e7esinden ba\u011f\u0131\u015flanan hayvanlar\u0131n etlerinden yap\u0131lacak kavurma g\u00f6nderilecek. Erbaa&nbsp;Belediyesi&nbsp;taraf\u0131ndan organize&nbsp;edilen kampanya kapsam\u0131nda deprem b\u00f6lgesine g\u00f6nderilmek \u00fczere vatanda\u015flar\u0131n ba\u011f\u0131\u015flad\u0131\u011f\u0131 k\u00fc\u00e7\u00fckba\u015f hayvanlar al\u0131nd\u0131. Hayvanlar, Erbaa Belediyesi Mezbahas\u0131na getirilerek kesimi ger\u00e7ekle\u015ftirildi. Belediye personeli ve&nbsp;g\u00f6n\u00fcll\u00fc kasaplar\u0131n \u00e7al\u0131\u015fmas\u0131yla haz\u0131rlan\u0131p Ali \u00d6zg\u00fcl Konukevi&#8217;ne g\u00f6t\u00fcr\u00fclen et, kavurma yap\u0131ld\u0131ktan sonra 500 graml\u0131k paketlerde [&hellip;]<\/p>\n","protected":false},"author":2,"featured_media":608,"comment_status":"open","ping_status":"open","sticky":false,"template":"","format":"standard","meta":{"footnotes":""},"categories":[1],"tags":[],"class_list":["post-607","post","type-post","status-publish","format-standard","has-post-thumbnail","hentry","category-turhal-haberleri"],"_links":{"self":[{"href":"https:\/\/www.turhalhakimiyet.com\/index.php\/wp-json\/wp\/v2\/posts\/607","targetHints":{"allow":["GET"]}}],"collection":[{"href":"https:\/\/www.turhalhakimiyet.com\/index.php\/wp-json\/wp\/v2\/posts"}],"about":[{"href":"https:\/\/www.turhalhakimiyet.com\/index.php\/wp-json\/wp\/v2\/types\/post"}],"author":[{"embeddable":true,"href":"https:\/\/www.turhalhakimiyet.com\/index.php\/wp-json\/wp\/v2\/users\/2"}],"replies":[{"embeddable":true,"href":"https:\/\/www.turhalhakimiyet.com\/index.php\/wp-json\/wp\/v2\/comments?post=607"}],"version-history":[{"count":3,"href":"https:\/\/www.turhalhakimiyet.com\/index.php\/wp-json\/wp\/v2\/posts\/607\/revisions"}],"predecessor-version":[{"id":612,"href":"https:\/\/www.turhalhakimiyet.com\/index.php\/wp-json\/wp\/v2\/posts\/607\/revisions\/612"}],"wp:featuredmedia":[{"embeddable":true,"href":"https:\/\/www.turhalhakimiyet.com\/index.php\/wp-json\/wp\/v2\/media\/608"}],"wp:attachment":[{"href":"https:\/\/www.turhalhakimiyet.com\/index.php\/wp-json\/wp\/v2\/media?parent=607"}],"wp:term":[{"taxonomy":"category","embeddable":true,"href":"https:\/\/www.turhalhakimiyet.com\/index.php\/wp-json\/wp\/v2\/categories?post=607"},{"taxonomy":"post_tag","embeddable":true,"href":"https:\/\/www.turhalhakimiyet.com\/index.php\/wp-json\/wp\/v2\/tags?post=607"}],"curies":[{"name":"wp","href":"https:\/\/api.w.org\/{rel}","templated":true}]}}