{"id":617,"date":"2023-02-13T13:41:15","date_gmt":"2023-02-13T10:41:15","guid":{"rendered":"https:\/\/www.turhalhakimiyet.com\/?p=617"},"modified":"2023-02-13T13:41:15","modified_gmt":"2023-02-13T10:41:15","slug":"depremzedelere-yardim-goturmek-icin-yola-ciktilar-lastikleri-patlasa-da-durmadilar","status":"publish","type":"post","link":"https:\/\/www.turhalhakimiyet.com\/index.php\/depremzedelere-yardim-goturmek-icin-yola-ciktilar-lastikleri-patlasa-da-durmadilar\/","title":{"rendered":"Depremzedelere yard\u0131m g\u00f6t\u00fcrmek i\u00e7in yola \u00e7\u0131kt\u0131lar, lastikleri patlasa da durmad\u0131lar"},"content":{"rendered":"\n<h3 class=\"wp-block-heading\">Tokat\u2019tan depremzedelere yard\u0131m g\u00f6t\u00fcrmek i\u00e7in yola \u00e7\u0131kan g\u00f6n\u00fcller lastikleri patlasa da devam ederek Ad\u0131yaman\u2019a ihtiya\u00e7 malzemelerini ula\u015ft\u0131rd\u0131.<\/h3>\n\n\n\n<p>Tokat&#8217;tan depremzedelere yard\u0131m g\u00f6t\u00fcrmek i\u00e7in yola \u00e7\u0131kan g\u00f6n\u00fcller lastikleri patlasa da devam ederek Ad\u0131yaman&#8217;a ihtiya\u00e7 malzemelerini ula\u015ft\u0131rd\u0131.<\/p>\n\n\n\n<p>Kahramanmara\u015f merkezli depremin ard\u0131ndan T\u00fcrkiye kenetlenerek b\u00f6lgeye yard\u0131m ula\u015ft\u0131rmak i\u00e7in seferber oldu. Tokat&#8217;tan t\u0131ra su, g\u0131da, yakacak ve i\u015f makinesi y\u00fckleyen bir esnaf yard\u0131m malzemelerini Ad\u0131yaman&#8217;\u0131n G\u00f6lba\u015f\u0131 il\u00e7esine ula\u015ft\u0131rmak i\u00e7in yola \u00e7\u0131kt\u0131. Depremde karayolunun baz\u0131 k\u0131s\u0131mlar\u0131n\u0131n zarar g\u00f6rmesi nedeni t\u0131r\u0131n dorsesinin sa\u011f taraf\u0131ndaki iki lasti\u011fi patlad\u0131. Tek tek tekerle kalan t\u0131r kampana \u00fczerinde yakla\u015f\u0131k 70 kilometre yol kat etti. O anlar ise bir vatanda\u015f\u0131n cep telefonu kameras\u0131na yans\u0131d\u0131. K\u0131sa s\u00fcrede binlerce ki\u015fini payla\u015ft\u0131\u011f\u0131 g\u00f6r\u00fcnt\u00fcler izleyenleri duyguland\u0131rd\u0131.<\/p>\n\n\n\n<p>&#8220;Rabbim nasip etti, G\u00f6lba\u015f\u0131&#8217;na yard\u0131mlar\u0131 ula\u015ft\u0131rd\u0131k&#8221;<\/p>\n\n\n\n<p>Kaan ve Batuhan T\u00fcrkiyeli karde\u015fler depremzedelere yard\u0131m ula\u015ft\u0131rmak i\u00e7in yola \u00e7\u0131kt\u0131klar\u0131nda ya\u015fad\u0131klar\u0131 o anlar\u0131 anlatt\u0131. Kaan T\u00fcrkiyeli, zor da olsa deprem b\u00f6lgesine yard\u0131m ula\u015ft\u0131rd\u0131klar\u0131 i\u00e7in mutlu oldu\u011funu ifade ederek, \u201cYolda derin \u00e7atlaklar olu\u015fmu\u015ftu, ilk olarak dorsemizin sa\u011f arka tekeri patlad\u0131. Durup lastik\u00e7i beklesek afet b\u00f6lgesine yard\u0131m\u0131 geciktirecekti. Yola devam ettik, 70 kilometre kala dorsenin ikinci lasti\u011fi de patlad\u0131. Do\u011fan\u015fehir&#8217;de trafik ekipleri durdurdu, bu \u015fekilde devam etmemizin uygun olmad\u0131\u011f\u0131n\u0131 s\u00f6ylediler. \u0130ki lasti\u011fimiz patlad\u0131 \u00fc\u00e7\u00fcnc\u00fc lasti\u011fimizle gidebildi\u011fimiz kadar gitmek istedik. Rabbim nasip etti, G\u00f6lba\u015f\u0131&#8217;na yard\u0131mlar\u0131 ula\u015ft\u0131rd\u0131k\u201d dedi.<\/p>\n\n\n\n<p>Batuhan T\u00fcrkiyeli ise vatanda\u015f olarak ellerinden geleni yapmak istediklerini belirterek, \u201cDeprem b\u00f6lgesinde insan hayat\u0131 s\u00f6z konusu idi. Birisi darda iken ona ko\u015fmam\u0131z gerekti\u011fini d\u00fc\u015f\u00fcnd\u00fck. Burada vatan millet s\u00f6z konusu. Biz \u00fczerimize d\u00fc\u015feni yapt\u0131k. Bizim gibi milyonlarca yard\u0131m eden var bizde onlardan bir tanesiyiz\u201d diye konu\u015ftu.<\/p>\n","protected":false},"excerpt":{"rendered":"<p>Tokat\u2019tan depremzedelere yard\u0131m g\u00f6t\u00fcrmek i\u00e7in yola \u00e7\u0131kan g\u00f6n\u00fcller lastikleri patlasa da devam ederek Ad\u0131yaman\u2019a ihtiya\u00e7 malzemelerini ula\u015ft\u0131rd\u0131. Tokat&#8217;tan depremzedelere yard\u0131m g\u00f6t\u00fcrmek i\u00e7in yola \u00e7\u0131kan g\u00f6n\u00fcller lastikleri patlasa da devam ederek Ad\u0131yaman&#8217;a ihtiya\u00e7 malzemelerini ula\u015ft\u0131rd\u0131. Kahramanmara\u015f merkezli depremin ard\u0131ndan T\u00fcrkiye kenetlenerek b\u00f6lgeye yard\u0131m ula\u015ft\u0131rmak i\u00e7in seferber oldu. Tokat&#8217;tan t\u0131ra su, g\u0131da, yakacak ve i\u015f makinesi y\u00fckleyen [&hellip;]<\/p>\n","protected":false},"author":2,"featured_media":618,"comment_status":"open","ping_status":"open","sticky":false,"template":"","format":"standard","meta":{"footnotes":""},"categories":[1],"tags":[],"class_list":["post-617","post","type-post","status-publish","format-standard","has-post-thumbnail","hentry","category-turhal-haberleri"],"_links":{"self":[{"href":"https:\/\/www.turhalhakimiyet.com\/index.php\/wp-json\/wp\/v2\/posts\/617","targetHints":{"allow":["GET"]}}],"collection":[{"href":"https:\/\/www.turhalhakimiyet.com\/index.php\/wp-json\/wp\/v2\/posts"}],"about":[{"href":"https:\/\/www.turhalhakimiyet.com\/index.php\/wp-json\/wp\/v2\/types\/post"}],"author":[{"embeddable":true,"href":"https:\/\/www.turhalhakimiyet.com\/index.php\/wp-json\/wp\/v2\/users\/2"}],"replies":[{"embeddable":true,"href":"https:\/\/www.turhalhakimiyet.com\/index.php\/wp-json\/wp\/v2\/comments?post=617"}],"version-history":[{"count":1,"href":"https:\/\/www.turhalhakimiyet.com\/index.php\/wp-json\/wp\/v2\/posts\/617\/revisions"}],"predecessor-version":[{"id":619,"href":"https:\/\/www.turhalhakimiyet.com\/index.php\/wp-json\/wp\/v2\/posts\/617\/revisions\/619"}],"wp:featuredmedia":[{"embeddable":true,"href":"https:\/\/www.turhalhakimiyet.com\/index.php\/wp-json\/wp\/v2\/media\/618"}],"wp:attachment":[{"href":"https:\/\/www.turhalhakimiyet.com\/index.php\/wp-json\/wp\/v2\/media?parent=617"}],"wp:term":[{"taxonomy":"category","embeddable":true,"href":"https:\/\/www.turhalhakimiyet.com\/index.php\/wp-json\/wp\/v2\/categories?post=617"},{"taxonomy":"post_tag","embeddable":true,"href":"https:\/\/www.turhalhakimiyet.com\/index.php\/wp-json\/wp\/v2\/tags?post=617"}],"curies":[{"name":"wp","href":"https:\/\/api.w.org\/{rel}","templated":true}]}}