{"id":665,"date":"2023-02-15T10:15:01","date_gmt":"2023-02-15T07:15:01","guid":{"rendered":"https:\/\/www.turhalhakimiyet.com\/?p=665"},"modified":"2023-02-15T10:15:01","modified_gmt":"2023-02-15T07:15:01","slug":"kendi-kucuk-yuregi-buyuk-kumbarasinda-biriktirdigi-paralari-depremzedelere-bagisladi","status":"publish","type":"post","link":"https:\/\/www.turhalhakimiyet.com\/index.php\/kendi-kucuk-yuregi-buyuk-kumbarasinda-biriktirdigi-paralari-depremzedelere-bagisladi\/","title":{"rendered":"Kendi k\u00fc\u00e7\u00fck y\u00fcre\u011fi b\u00fcy\u00fck, kumbaras\u0131nda biriktirdi\u011fi paralar\u0131 depremzedelere ba\u011f\u0131\u015flad\u0131"},"content":{"rendered":"\n<h3 class=\"wp-block-heading\">Tokat\u2019\u0131n Niksar il\u00e7esinde ba\u015flat\u0131lan yard\u0131m kampanyas\u0131nda \u00e7ocuklarda kat\u0131l\u0131yor.<\/h3>\n\n\n\n<p>Tokat&#8217;\u0131n Niksar il\u00e7esinde ba\u015flat\u0131lan yard\u0131m kampanyas\u0131nda \u00e7ocuklarda kat\u0131l\u0131yor.<\/p>\n\n\n\n<p>Kahramanmara\u015f merkezli meydana gelen ve 10 ilin etkilendi\u011fi depremlerin ard\u0131ndan Tokat merkez ve il\u00e7elerinde kaymakaml\u0131klar, belediyeler ve \u00e7e\u015fitli STK&#8217;lar taraf\u0131ndan ba\u015flat\u0131lan yard\u0131m kampanyalar\u0131 devam ediyor.<\/p>\n\n\n\n<p>Niksar il\u00e7esinde Ulucan Orta Okulu 7. S\u0131n\u0131f \u00f6\u011frencisi 12 ya\u015f\u0131ndaki Utku Berkay Kurt bir y\u0131ld\u0131r hi\u00e7 a\u00e7mad\u0131\u011f\u0131 kumbaras\u0131n\u0131, deprem b\u00f6lgesine g\u00f6nderilmek \u00fczere Niksar Kaymakam\u0131 \u0130lhami Do\u011fan&#8217;a teslim etti.<\/p>\n\n\n\n<p>12 ya\u015f\u0131ndaki \u00e7ocu\u011fun \u00f6rnek davran\u0131\u015f\u0131ndan dolay\u0131 mutlu oldu\u011funu belirten Kaymakam Do\u011fan, \u201c10 ilimizde b\u00fcy\u00fck y\u0131k\u0131ma neden olan depremlerin ard\u0131ndan Niksarl\u0131 hem\u015ferilerimiz seferber oldu. Adeta tek y\u00fcrek olarak ellerinden gelen, imkanlar \u00e7er\u00e7evesinde yard\u0131ma ko\u015fan hem\u015ferilerimize bir kez daha te\u015fekk\u00fcr ediyorum. Bu vesile ile gen\u00e7 bir evlad\u0131m\u0131z da kumbaras\u0131nda biriktirdi\u011fi paralar\u0131 depremzedelere g\u00f6nderilmek \u00fczere bize teslim etti. \u00d6rnek bir davran\u0131\u015f sergileyen evlad\u0131m\u0131za te\u015fekk\u00fcr ediyorum\u201d diye konu\u015ftu.<\/p>\n\n\n\n<p>Bir y\u0131ld\u0131r biriktirdi\u011fi kumbaras\u0131n\u0131 Kaymakam \u0130lhami Do\u011fan&#8217;a teslim eden Utku Berkay Kurt \u201cKumbaramda ailemden ald\u0131\u011f\u0131m har\u00e7l\u0131klar\u0131 biriktirdim. Ne zaman a\u00e7aca\u011f\u0131m\u0131 bilmiyordum buraya k\u0131smetmi\u015f. Bende depremzedelere bir katk\u0131m olsun istedim o y\u00fczden bu paray\u0131 oradaki arkada\u015flar\u0131ma g\u00f6ndermek istedim\u201d dedi.<\/p>\n","protected":false},"excerpt":{"rendered":"<p>Tokat\u2019\u0131n Niksar il\u00e7esinde ba\u015flat\u0131lan yard\u0131m kampanyas\u0131nda \u00e7ocuklarda kat\u0131l\u0131yor. Tokat&#8217;\u0131n Niksar il\u00e7esinde ba\u015flat\u0131lan yard\u0131m kampanyas\u0131nda \u00e7ocuklarda kat\u0131l\u0131yor. Kahramanmara\u015f merkezli meydana gelen ve 10 ilin etkilendi\u011fi depremlerin ard\u0131ndan Tokat merkez ve il\u00e7elerinde kaymakaml\u0131klar, belediyeler ve \u00e7e\u015fitli STK&#8217;lar taraf\u0131ndan ba\u015flat\u0131lan yard\u0131m kampanyalar\u0131 devam ediyor. Niksar il\u00e7esinde Ulucan Orta Okulu 7. S\u0131n\u0131f \u00f6\u011frencisi 12 ya\u015f\u0131ndaki Utku Berkay Kurt bir [&hellip;]<\/p>\n","protected":false},"author":2,"featured_media":666,"comment_status":"open","ping_status":"open","sticky":false,"template":"","format":"standard","meta":{"footnotes":""},"categories":[1],"tags":[],"class_list":["post-665","post","type-post","status-publish","format-standard","has-post-thumbnail","hentry","category-turhal-haberleri"],"_links":{"self":[{"href":"https:\/\/www.turhalhakimiyet.com\/index.php\/wp-json\/wp\/v2\/posts\/665","targetHints":{"allow":["GET"]}}],"collection":[{"href":"https:\/\/www.turhalhakimiyet.com\/index.php\/wp-json\/wp\/v2\/posts"}],"about":[{"href":"https:\/\/www.turhalhakimiyet.com\/index.php\/wp-json\/wp\/v2\/types\/post"}],"author":[{"embeddable":true,"href":"https:\/\/www.turhalhakimiyet.com\/index.php\/wp-json\/wp\/v2\/users\/2"}],"replies":[{"embeddable":true,"href":"https:\/\/www.turhalhakimiyet.com\/index.php\/wp-json\/wp\/v2\/comments?post=665"}],"version-history":[{"count":1,"href":"https:\/\/www.turhalhakimiyet.com\/index.php\/wp-json\/wp\/v2\/posts\/665\/revisions"}],"predecessor-version":[{"id":667,"href":"https:\/\/www.turhalhakimiyet.com\/index.php\/wp-json\/wp\/v2\/posts\/665\/revisions\/667"}],"wp:featuredmedia":[{"embeddable":true,"href":"https:\/\/www.turhalhakimiyet.com\/index.php\/wp-json\/wp\/v2\/media\/666"}],"wp:attachment":[{"href":"https:\/\/www.turhalhakimiyet.com\/index.php\/wp-json\/wp\/v2\/media?parent=665"}],"wp:term":[{"taxonomy":"category","embeddable":true,"href":"https:\/\/www.turhalhakimiyet.com\/index.php\/wp-json\/wp\/v2\/categories?post=665"},{"taxonomy":"post_tag","embeddable":true,"href":"https:\/\/www.turhalhakimiyet.com\/index.php\/wp-json\/wp\/v2\/tags?post=665"}],"curies":[{"name":"wp","href":"https:\/\/api.w.org\/{rel}","templated":true}]}}