{"id":668,"date":"2023-02-15T10:16:55","date_gmt":"2023-02-15T07:16:55","guid":{"rendered":"https:\/\/www.turhalhakimiyet.com\/?p=668"},"modified":"2023-02-15T10:16:55","modified_gmt":"2023-02-15T07:16:55","slug":"depremde-hayatini-kaybeden-ogretmen-son-yolculuguna-ugurlandi","status":"publish","type":"post","link":"https:\/\/www.turhalhakimiyet.com\/index.php\/depremde-hayatini-kaybeden-ogretmen-son-yolculuguna-ugurlandi\/","title":{"rendered":"Depremde hayat\u0131n\u0131 kaybeden \u00f6\u011fretmen son yolculu\u011funa u\u011furland\u0131"},"content":{"rendered":"\n<h3 class=\"wp-block-heading\">Kahramanmara\u015f\u2019ta depremden 6 g\u00fcn sonra cenazesi enkaz alt\u0131ndan \u00e7\u0131kart\u0131lan \u00f6\u011fretmen son yolculu\u011funa u\u011furland\u0131.<\/h3>\n\n\n\n<p>Kahramanmara\u015f&#8217;ta depremden 6 g\u00fcn sonra cenazesi enkaz alt\u0131ndan \u00e7\u0131kart\u0131lan \u00f6\u011fretmen son yolculu\u011funa u\u011furland\u0131.<\/p>\n\n\n\n<p>Kahramanmara\u015f Abd\u00fclhamid Han Anadolu Lisesi&#8217;nde g\u00f6rev yapan Biyoloji \u00f6\u011fretmeni Arzu Yurtgan (46), depremde enkaz alt\u0131nda kald\u0131. Depremden 6 g\u00fcn sonra cans\u0131z bedenine ula\u015f\u0131lan \u00f6\u011fretmenin cenazesi memleketi Tokat&#8217;a getirildi. Kar\u015f\u0131yaka merkez caminde \u00f6\u011fle namaz\u0131na m\u00fcteakiben k\u0131l\u0131nan cenaze namaz\u0131na Yurtgan&#8217;\u0131n ailesi ve yak\u0131nlar\u0131 ba\u015fta olmak \u00fczere \u00f6\u011frencileri ile \u00e7ok say\u0131da vatanda\u015f kat\u0131ld\u0131. Yurtgan&#8217;\u0131n cenazesi \u015eeyh-i \u015eirvani mezarl\u0131\u011f\u0131nda topra\u011fa verildi.<\/p>\n\n\n\n<p>Kahramanmara\u015f&#8217;ta yakla\u015f\u0131k 3 y\u0131ld\u0131r g\u00f6rev yapan Arzu Yurtgan&#8217;\u0131n bekar oldu\u011fu \u00f6\u011frenildi.<\/p>\n","protected":false},"excerpt":{"rendered":"<p>Kahramanmara\u015f\u2019ta depremden 6 g\u00fcn sonra cenazesi enkaz alt\u0131ndan \u00e7\u0131kart\u0131lan \u00f6\u011fretmen son yolculu\u011funa u\u011furland\u0131. Kahramanmara\u015f&#8217;ta depremden 6 g\u00fcn sonra cenazesi enkaz alt\u0131ndan \u00e7\u0131kart\u0131lan \u00f6\u011fretmen son yolculu\u011funa u\u011furland\u0131. Kahramanmara\u015f Abd\u00fclhamid Han Anadolu Lisesi&#8217;nde g\u00f6rev yapan Biyoloji \u00f6\u011fretmeni Arzu Yurtgan (46), depremde enkaz alt\u0131nda kald\u0131. Depremden 6 g\u00fcn sonra cans\u0131z bedenine ula\u015f\u0131lan \u00f6\u011fretmenin cenazesi memleketi Tokat&#8217;a getirildi. Kar\u015f\u0131yaka [&hellip;]<\/p>\n","protected":false},"author":2,"featured_media":669,"comment_status":"open","ping_status":"open","sticky":false,"template":"","format":"standard","meta":{"footnotes":""},"categories":[1],"tags":[],"class_list":["post-668","post","type-post","status-publish","format-standard","has-post-thumbnail","hentry","category-turhal-haberleri"],"_links":{"self":[{"href":"https:\/\/www.turhalhakimiyet.com\/index.php\/wp-json\/wp\/v2\/posts\/668","targetHints":{"allow":["GET"]}}],"collection":[{"href":"https:\/\/www.turhalhakimiyet.com\/index.php\/wp-json\/wp\/v2\/posts"}],"about":[{"href":"https:\/\/www.turhalhakimiyet.com\/index.php\/wp-json\/wp\/v2\/types\/post"}],"author":[{"embeddable":true,"href":"https:\/\/www.turhalhakimiyet.com\/index.php\/wp-json\/wp\/v2\/users\/2"}],"replies":[{"embeddable":true,"href":"https:\/\/www.turhalhakimiyet.com\/index.php\/wp-json\/wp\/v2\/comments?post=668"}],"version-history":[{"count":1,"href":"https:\/\/www.turhalhakimiyet.com\/index.php\/wp-json\/wp\/v2\/posts\/668\/revisions"}],"predecessor-version":[{"id":670,"href":"https:\/\/www.turhalhakimiyet.com\/index.php\/wp-json\/wp\/v2\/posts\/668\/revisions\/670"}],"wp:featuredmedia":[{"embeddable":true,"href":"https:\/\/www.turhalhakimiyet.com\/index.php\/wp-json\/wp\/v2\/media\/669"}],"wp:attachment":[{"href":"https:\/\/www.turhalhakimiyet.com\/index.php\/wp-json\/wp\/v2\/media?parent=668"}],"wp:term":[{"taxonomy":"category","embeddable":true,"href":"https:\/\/www.turhalhakimiyet.com\/index.php\/wp-json\/wp\/v2\/categories?post=668"},{"taxonomy":"post_tag","embeddable":true,"href":"https:\/\/www.turhalhakimiyet.com\/index.php\/wp-json\/wp\/v2\/tags?post=668"}],"curies":[{"name":"wp","href":"https:\/\/api.w.org\/{rel}","templated":true}]}}