{"id":679,"date":"2023-02-15T12:01:05","date_gmt":"2023-02-15T09:01:05","guid":{"rendered":"https:\/\/www.turhalhakimiyet.com\/?p=679"},"modified":"2023-02-15T13:41:44","modified_gmt":"2023-02-15T10:41:44","slug":"tokat-belediyesi-goibasinda-calismalarini-surduruyor","status":"publish","type":"post","link":"https:\/\/www.turhalhakimiyet.com\/index.php\/tokat-belediyesi-goibasinda-calismalarini-surduruyor\/","title":{"rendered":"Tokat  Belediyesi G\u00f6lba\u015f\u0131nda \u00e7al\u0131\u015fmalar\u0131n\u0131 s\u00fcrd\u00fcr\u00fcyor"},"content":{"rendered":"\n<p>Merkez \u00fcss\u00fc Kahramanmara\u015f\u2019\u0131n Pazarc\u0131k il\u00e7esinde meydana gelen 7,7 b\u00fcy\u00fckl\u00fc\u011f\u00fcndeki 10 ili etkileyen \u2018Asr\u0131n Felaketi\u2019 olarak nitelendirilen depremin yaralar\u0131n\u0131n sar\u0131lmas\u0131na devam ediliyor.Depremden en&nbsp;\u00e7ok etkilenen yerle\u015fim yerlerinden&nbsp; biri olan Ad\u0131yaman\u2019\u0131n G\u00f6lba\u015f\u0131 il\u00e7esinde Tokat Belediyesi ekipleri kentin tamamen \u00e7\u00f6km\u00fc\u015f olan altyap\u0131 ihtiya\u00e7lar\u0131n\u0131 kar\u015f\u0131lamak amac\u0131yla \u00e7al\u0131\u015fmalar\u0131n\u0131 s\u00fcrd\u00fcr\u00fcyor. Depremin ilk g\u00fcnlerinde&nbsp; b\u00fcy\u00fck s\u0131k\u0131nt\u0131 olan su ihtiya\u00e7lar\u0131n\u0131 gidermek amac\u0131yla kentin bir\u00e7ok noktas\u0131na yerle\u015ftirilen su tankerleri ile su ihtiyac\u0131 kar\u015f\u0131lan\u0131rken, Tokat Belediyesi altyap\u0131 ekipleri yapt\u0131\u011f\u0131 \u00e7al\u0131\u015fmalarla kentin iki mahallesine \u015febeke suyunun ula\u015ft\u0131r\u0131lmas\u0131n\u0131 sa\u011flad\u0131. Erkenek \u0130\u00e7me Suyu \u0130sale Hatt\u0131nda DS\u0130\u2019nin yapt\u0131\u011f\u0131 \u00e7al\u0131\u015fmalar\u0131n tamamlanmas\u0131 ile kentin tamam\u0131na yak\u0131n\u0131na su verilebilmesi i\u00e7in \u00e7al\u0131\u015fmalar\u0131n ger\u00e7ekle\u015ftirilece\u011fi \u00f6\u011frenildi.<\/p>\n\n\n\n<p>20 seyyar wc ve 5 banyonun kuruldu\u011fu G\u00f6lba\u015f\u0131\u2019nda 6000 depremzedenin kalabilece\u011fi konteyner kentin kurulmas\u0131 i\u00e7in altyap\u0131 \u00e7al\u0131\u015fmalar\u0131 da tamamlan\u0131yor. Konteyner kent, altyap\u0131s\u0131n\u0131n tamamlanmas\u0131 sonras\u0131nda kurulacak ve yakla\u015f\u0131k 10 g\u00fcn i\u00e7erisinde depremzedeler konteynerlere ta\u015f\u0131nabilecek.Ad\u0131yaman\u2019\u0131n G\u00f6lba\u015f\u0131 il\u00e7esi ve k\u00f6ylerinde&nbsp;ihtiya\u00e7 olan b\u00f6lgelerin tamam\u0131na yak\u0131n\u0131na \u00e7ad\u0131r ula\u015ft\u0131r\u0131ld\u0131. 6000 ki\u015filik konteyner kentin kurulmas\u0131 ile&nbsp;birlikte &nbsp;evlerindeki y\u0131k\u0131m ve hasar&nbsp;sonras\u0131 &nbsp;evlerine giremeyen depremzedeler konteyner kente yerle\u015ftirilecek.&nbsp; Depremin yaralar\u0131n\u0131 sarmak i\u00e7in il\u00e7ede \u00e7al\u0131\u015fmalar\u0131n\u0131 s\u00fcrd\u00fcklerini ifade eden Tokat Belediye Ba\u015fkan\u0131 Ey\u00fcp Ero\u011flu \u201cDevletimiz b\u00fct\u00fcn kurumlar\u0131 ile deprem b\u00f6lgesindeki her il ve il\u00e7ede \u00e7al\u0131\u015fmalar\u0131n\u0131 s\u00fcrd\u00fcr\u00fcyor. Bizler de Tokat Valimiz Numan Hatipo\u011flu\u2019nun koordinesinde bulunan G\u00f6lba\u015f\u0131 il\u00e7emizde ba\u015fta altyap\u0131 olmak \u00fczere \u00e7al\u0131\u015fmalar ger\u00e7ekle\u015ftiriyoruz. Sahadaki personelimiz di\u011fer kurumlar\u0131m\u0131zla birlikte arama kurtarma \u00e7al\u0131\u015fmalar\u0131na kat\u0131l\u0131yor. B\u00fct\u00fcn vatanda\u015flar\u0131m\u0131z\u0131 derinden etkileyen depremin izlerinin bir an \u00f6nce silinmesi, b\u00f6lgede ya\u015fayan vatanda\u015flar\u0131m\u0131z\u0131n ihtiya\u00e7lar\u0131n\u0131n kar\u015f\u0131lanmas\u0131 i\u00e7in g\u00f6revli di\u011fer kurum ve belediyelerimizle birlikte sahada \u00e7al\u0131\u015fmalar\u0131m\u0131z\u0131 s\u00fcrd\u00fcr\u00fcyoruz\u201d diye konu\u015ftu.&nbsp;<\/p>\n","protected":false},"excerpt":{"rendered":"<p>Merkez \u00fcss\u00fc Kahramanmara\u015f\u2019\u0131n Pazarc\u0131k il\u00e7esinde meydana gelen 7,7 b\u00fcy\u00fckl\u00fc\u011f\u00fcndeki 10 ili etkileyen \u2018Asr\u0131n Felaketi\u2019 olarak nitelendirilen depremin yaralar\u0131n\u0131n sar\u0131lmas\u0131na devam ediliyor.Depremden en&nbsp;\u00e7ok etkilenen yerle\u015fim yerlerinden&nbsp; biri olan Ad\u0131yaman\u2019\u0131n G\u00f6lba\u015f\u0131 il\u00e7esinde Tokat Belediyesi ekipleri kentin tamamen \u00e7\u00f6km\u00fc\u015f olan altyap\u0131 ihtiya\u00e7lar\u0131n\u0131 kar\u015f\u0131lamak amac\u0131yla \u00e7al\u0131\u015fmalar\u0131n\u0131 s\u00fcrd\u00fcr\u00fcyor. Depremin ilk g\u00fcnlerinde&nbsp; b\u00fcy\u00fck s\u0131k\u0131nt\u0131 olan su ihtiya\u00e7lar\u0131n\u0131 gidermek amac\u0131yla kentin bir\u00e7ok [&hellip;]<\/p>\n","protected":false},"author":2,"featured_media":680,"comment_status":"open","ping_status":"open","sticky":false,"template":"","format":"standard","meta":{"footnotes":""},"categories":[1],"tags":[],"class_list":["post-679","post","type-post","status-publish","format-standard","has-post-thumbnail","hentry","category-turhal-haberleri"],"_links":{"self":[{"href":"https:\/\/www.turhalhakimiyet.com\/index.php\/wp-json\/wp\/v2\/posts\/679","targetHints":{"allow":["GET"]}}],"collection":[{"href":"https:\/\/www.turhalhakimiyet.com\/index.php\/wp-json\/wp\/v2\/posts"}],"about":[{"href":"https:\/\/www.turhalhakimiyet.com\/index.php\/wp-json\/wp\/v2\/types\/post"}],"author":[{"embeddable":true,"href":"https:\/\/www.turhalhakimiyet.com\/index.php\/wp-json\/wp\/v2\/users\/2"}],"replies":[{"embeddable":true,"href":"https:\/\/www.turhalhakimiyet.com\/index.php\/wp-json\/wp\/v2\/comments?post=679"}],"version-history":[{"count":2,"href":"https:\/\/www.turhalhakimiyet.com\/index.php\/wp-json\/wp\/v2\/posts\/679\/revisions"}],"predecessor-version":[{"id":683,"href":"https:\/\/www.turhalhakimiyet.com\/index.php\/wp-json\/wp\/v2\/posts\/679\/revisions\/683"}],"wp:featuredmedia":[{"embeddable":true,"href":"https:\/\/www.turhalhakimiyet.com\/index.php\/wp-json\/wp\/v2\/media\/680"}],"wp:attachment":[{"href":"https:\/\/www.turhalhakimiyet.com\/index.php\/wp-json\/wp\/v2\/media?parent=679"}],"wp:term":[{"taxonomy":"category","embeddable":true,"href":"https:\/\/www.turhalhakimiyet.com\/index.php\/wp-json\/wp\/v2\/categories?post=679"},{"taxonomy":"post_tag","embeddable":true,"href":"https:\/\/www.turhalhakimiyet.com\/index.php\/wp-json\/wp\/v2\/tags?post=679"}],"curies":[{"name":"wp","href":"https:\/\/api.w.org\/{rel}","templated":true}]}}