{"id":684,"date":"2023-02-15T13:44:01","date_gmt":"2023-02-15T10:44:01","guid":{"rendered":"https:\/\/www.turhalhakimiyet.com\/?p=684"},"modified":"2023-02-15T13:44:01","modified_gmt":"2023-02-15T10:44:01","slug":"yardim-kolisinden-cikan-not-vali-hatipoglunu-duygulandirdi","status":"publish","type":"post","link":"https:\/\/www.turhalhakimiyet.com\/index.php\/yardim-kolisinden-cikan-not-vali-hatipoglunu-duygulandirdi\/","title":{"rendered":"Yard\u0131m kolisinden \u00e7\u0131kan not Vali Hatipo\u011flu&#8217;nu duyguland\u0131rd\u0131"},"content":{"rendered":"\n<h3 class=\"wp-block-heading\">Ad\u0131yaman\u2019a g\u00f6nderilen yard\u0131m kolisi i\u00e7erisinden bir miktar para ile birlikte \u00e7\u0131kan not Vali Numan Hatipo\u011flu\u2019nu duyguland\u0131rd\u0131.<\/h3>\n\n\n\n<p>Ad\u0131yaman&#8217;a g\u00f6nderilen yard\u0131m kolisi i\u00e7erisinden bir miktar para ile birlikte \u00e7\u0131kan not Vali Numan Hatipo\u011flu&#8217;nu duyguland\u0131rd\u0131.<\/p>\n\n\n\n<p>Kahramanmara\u015f merkezli deprem afeti sonras\u0131nda ba\u015flat\u0131lan yard\u0131m seferberli\u011fine 7&#8217;sinden 70&#8217;ine vatanda\u015flar yo\u011fun ilgi g\u00f6sterdi. Tokat&#8217;ta toplanan yard\u0131m malzemeleri Ad\u0131yaman&#8217;\u0131n G\u00f6lba\u015f\u0131 il\u00e7esine g\u00f6nderildi. Yard\u0131m kolilerinin i\u00e7inden bir miktar para ile not ka\u011f\u0131d\u0131 \u00e7\u0131kt\u0131. G\u00f6revliler taraf\u0131ndan bir po\u015fet i\u00e7erisindeki para ve not ka\u011f\u0131d\u0131 deprem b\u00f6lgesinde g\u00f6revlendirilen Tokat Valisi Numan Hatipo\u011flu&#8217;na ula\u015ft\u0131r\u0131ld\u0131. Vali Hatipo\u011flu, Meryem G\u00fcnal isimli k\u0131z \u00e7ocu\u011funun kalp resimleri ile s\u00fcsledi\u011fi ka\u011f\u0131tta \u201cSizi \u00c7ok Seviyorum, Kumbaramdaki b\u00fct\u00fcn param\u0131 size g\u00f6nderiyorum\u201d \u015feklinde s\u00f6zlerini okudu\u011funda duygusal anlar ya\u015fad\u0131. Vali Hatipo\u011flu, \u201cMeryem&#8217;e selam g\u00f6nderiyor, aln\u0131ndan \u00f6p\u00fcyorum. Bu duyarl\u0131l\u0131\u011f\u0131n\u0131 unutmayaca\u011f\u0131z. \u00dclkemizi sizler var edeceksiniz, umudumuz sizlersiniz\u201d dedi.<\/p>\n","protected":false},"excerpt":{"rendered":"<p>Ad\u0131yaman\u2019a g\u00f6nderilen yard\u0131m kolisi i\u00e7erisinden bir miktar para ile birlikte \u00e7\u0131kan not Vali Numan Hatipo\u011flu\u2019nu duyguland\u0131rd\u0131. Ad\u0131yaman&#8217;a g\u00f6nderilen yard\u0131m kolisi i\u00e7erisinden bir miktar para ile birlikte \u00e7\u0131kan not Vali Numan Hatipo\u011flu&#8217;nu duyguland\u0131rd\u0131. Kahramanmara\u015f merkezli deprem afeti sonras\u0131nda ba\u015flat\u0131lan yard\u0131m seferberli\u011fine 7&#8217;sinden 70&#8217;ine vatanda\u015flar yo\u011fun ilgi g\u00f6sterdi. Tokat&#8217;ta toplanan yard\u0131m malzemeleri Ad\u0131yaman&#8217;\u0131n G\u00f6lba\u015f\u0131 il\u00e7esine g\u00f6nderildi. Yard\u0131m [&hellip;]<\/p>\n","protected":false},"author":2,"featured_media":685,"comment_status":"open","ping_status":"open","sticky":false,"template":"","format":"standard","meta":{"footnotes":""},"categories":[1],"tags":[],"class_list":["post-684","post","type-post","status-publish","format-standard","has-post-thumbnail","hentry","category-turhal-haberleri"],"_links":{"self":[{"href":"https:\/\/www.turhalhakimiyet.com\/index.php\/wp-json\/wp\/v2\/posts\/684","targetHints":{"allow":["GET"]}}],"collection":[{"href":"https:\/\/www.turhalhakimiyet.com\/index.php\/wp-json\/wp\/v2\/posts"}],"about":[{"href":"https:\/\/www.turhalhakimiyet.com\/index.php\/wp-json\/wp\/v2\/types\/post"}],"author":[{"embeddable":true,"href":"https:\/\/www.turhalhakimiyet.com\/index.php\/wp-json\/wp\/v2\/users\/2"}],"replies":[{"embeddable":true,"href":"https:\/\/www.turhalhakimiyet.com\/index.php\/wp-json\/wp\/v2\/comments?post=684"}],"version-history":[{"count":1,"href":"https:\/\/www.turhalhakimiyet.com\/index.php\/wp-json\/wp\/v2\/posts\/684\/revisions"}],"predecessor-version":[{"id":686,"href":"https:\/\/www.turhalhakimiyet.com\/index.php\/wp-json\/wp\/v2\/posts\/684\/revisions\/686"}],"wp:featuredmedia":[{"embeddable":true,"href":"https:\/\/www.turhalhakimiyet.com\/index.php\/wp-json\/wp\/v2\/media\/685"}],"wp:attachment":[{"href":"https:\/\/www.turhalhakimiyet.com\/index.php\/wp-json\/wp\/v2\/media?parent=684"}],"wp:term":[{"taxonomy":"category","embeddable":true,"href":"https:\/\/www.turhalhakimiyet.com\/index.php\/wp-json\/wp\/v2\/categories?post=684"},{"taxonomy":"post_tag","embeddable":true,"href":"https:\/\/www.turhalhakimiyet.com\/index.php\/wp-json\/wp\/v2\/tags?post=684"}],"curies":[{"name":"wp","href":"https:\/\/api.w.org\/{rel}","templated":true}]}}