{"id":687,"date":"2023-02-15T13:54:15","date_gmt":"2023-02-15T10:54:15","guid":{"rendered":"https:\/\/www.turhalhakimiyet.com\/?p=687"},"modified":"2023-02-15T13:54:15","modified_gmt":"2023-02-15T10:54:15","slug":"sulusaraydan-deprem-bolgesine-yakacak-ve-yem-yardimi","status":"publish","type":"post","link":"https:\/\/www.turhalhakimiyet.com\/index.php\/sulusaraydan-deprem-bolgesine-yakacak-ve-yem-yardimi\/","title":{"rendered":"Sulusaray&#8217;dan  deprem b\u00f6lgesine yakacak  ve yem yard\u0131m\u0131"},"content":{"rendered":"\n<p>Tokat&#8217;\u0131n Sulusaray il\u00e7esinden asr\u0131n felaketi&#8221; olarak nitelenen Kahramanmara\u015f merkezli depremlerden etkilenen b\u00f6lgelere yard\u0131mlar devam ediyor.<\/p>\n\n\n\n<p>Sulusaray Kaymakaml\u0131\u011f\u0131 taraf\u0131ndan ba\u015flat\u0131lan kampanyada 20 ton odun \u00a0ve 200 torba yem topland\u0131.<\/p>\n\n\n\n<p>Toplanan yard\u0131mlar t\u0131rlara y\u00fcklendi.<\/p>\n\n\n\n<p>Yard\u0131m t\u0131rlar\u0131 Sulusaray Kaymakam\u0131 O\u011fuzhan \u00d6zt\u00fcrk, Belediye\u00a0Ba\u015fkan\u0131 Necmettin Coruk, \u00fcyeleri ve vatanda\u015flar taraf\u0131ndan deprem b\u00f6lgesine u\u011furland\u0131.<\/p>\n","protected":false},"excerpt":{"rendered":"<p>Tokat&#8217;\u0131n Sulusaray il\u00e7esinden asr\u0131n felaketi&#8221; olarak nitelenen Kahramanmara\u015f merkezli depremlerden etkilenen b\u00f6lgelere yard\u0131mlar devam ediyor. Sulusaray Kaymakaml\u0131\u011f\u0131 taraf\u0131ndan ba\u015flat\u0131lan kampanyada 20 ton odun \u00a0ve 200 torba yem topland\u0131. Toplanan yard\u0131mlar t\u0131rlara y\u00fcklendi. Yard\u0131m t\u0131rlar\u0131 Sulusaray Kaymakam\u0131 O\u011fuzhan \u00d6zt\u00fcrk, Belediye\u00a0Ba\u015fkan\u0131 Necmettin Coruk, \u00fcyeleri ve vatanda\u015flar taraf\u0131ndan deprem b\u00f6lgesine u\u011furland\u0131.<\/p>\n","protected":false},"author":2,"featured_media":688,"comment_status":"open","ping_status":"open","sticky":false,"template":"","format":"standard","meta":{"footnotes":""},"categories":[1],"tags":[],"class_list":["post-687","post","type-post","status-publish","format-standard","has-post-thumbnail","hentry","category-turhal-haberleri"],"_links":{"self":[{"href":"https:\/\/www.turhalhakimiyet.com\/index.php\/wp-json\/wp\/v2\/posts\/687","targetHints":{"allow":["GET"]}}],"collection":[{"href":"https:\/\/www.turhalhakimiyet.com\/index.php\/wp-json\/wp\/v2\/posts"}],"about":[{"href":"https:\/\/www.turhalhakimiyet.com\/index.php\/wp-json\/wp\/v2\/types\/post"}],"author":[{"embeddable":true,"href":"https:\/\/www.turhalhakimiyet.com\/index.php\/wp-json\/wp\/v2\/users\/2"}],"replies":[{"embeddable":true,"href":"https:\/\/www.turhalhakimiyet.com\/index.php\/wp-json\/wp\/v2\/comments?post=687"}],"version-history":[{"count":1,"href":"https:\/\/www.turhalhakimiyet.com\/index.php\/wp-json\/wp\/v2\/posts\/687\/revisions"}],"predecessor-version":[{"id":689,"href":"https:\/\/www.turhalhakimiyet.com\/index.php\/wp-json\/wp\/v2\/posts\/687\/revisions\/689"}],"wp:featuredmedia":[{"embeddable":true,"href":"https:\/\/www.turhalhakimiyet.com\/index.php\/wp-json\/wp\/v2\/media\/688"}],"wp:attachment":[{"href":"https:\/\/www.turhalhakimiyet.com\/index.php\/wp-json\/wp\/v2\/media?parent=687"}],"wp:term":[{"taxonomy":"category","embeddable":true,"href":"https:\/\/www.turhalhakimiyet.com\/index.php\/wp-json\/wp\/v2\/categories?post=687"},{"taxonomy":"post_tag","embeddable":true,"href":"https:\/\/www.turhalhakimiyet.com\/index.php\/wp-json\/wp\/v2\/tags?post=687"}],"curies":[{"name":"wp","href":"https:\/\/api.w.org\/{rel}","templated":true}]}}