{"id":700,"date":"2023-02-16T10:06:41","date_gmt":"2023-02-16T07:06:41","guid":{"rendered":"https:\/\/www.turhalhakimiyet.com\/?p=700"},"modified":"2023-02-16T10:06:41","modified_gmt":"2023-02-16T07:06:41","slug":"adiyamanda-alt-yapi-calismalari-basladi","status":"publish","type":"post","link":"https:\/\/www.turhalhakimiyet.com\/index.php\/adiyamanda-alt-yapi-calismalari-basladi\/","title":{"rendered":"Ad\u0131yaman&#8217;da alt yap\u0131 \u00e7al\u0131\u015fmalar\u0131 ba\u015flad\u0131"},"content":{"rendered":"\n<figure class=\"wp-block-image\"><img decoding=\"async\" src=\"https:\/\/cdn.iha.com.tr\/Contents\/images\/2023\/07\/5382084.jpg\" alt=\"\"\/><\/figure>\n\n\n\n<p><a href=\"https:\/\/www.iha.com.tr\/tokat-haberleri\/adiyamanda-alt-yapi-calismalari-basladi-4188102\/#\"><\/a><\/p>\n\n\n\n<p><a href=\"https:\/\/www.iha.com.tr\/tokat-haberleri\/adiyamanda-alt-yapi-calismalari-basladi-4188102\/#\"><\/a><\/p>\n\n\n\n<p><a href=\"https:\/\/www.iha.com.tr\/tokat-haberleri\/adiyamanda-alt-yapi-calismalari-basladi-4188102\/#\"><\/a><\/p>\n\n\n\n<p><a href=\"whatsapp:\/\/send?text=https%3A%2F%2Fwww.iha.com.tr%2Ftokat-haberleri%2Fadiyamanda-alt-yapi-calismalari-basladi-4188102%2F%20Kahramanmara%C5%9F%20merkezli%2010%20ili%20etkileyen%20%E2%80%98Asr%C4%B1n%20Felaketi%E2%80%99%20olarak%20nitelendirilen%20deprem%20sonras%C4%B1%20Ad%C4%B1yaman%E2%80%99da%20yaralar%C4%B1n%C4%B1n%20sar%C4%B1lmas%C4%B1na%20devam%20ediliyor.\"><\/a>&nbsp;B\u00fcy\u00fck okuAAA<\/p>\n\n\n\n<h3 class=\"wp-block-heading\">Kahramanmara\u015f merkezli 10 ili etkileyen \u2018Asr\u0131n Felaketi\u2019 olarak nitelendirilen deprem sonras\u0131 Ad\u0131yaman\u2019da yaralar\u0131n\u0131n sar\u0131lmas\u0131na devam ediliyor.<\/h3>\n\n\n\n<p>Kahramanmara\u015f merkezli 10 ili etkileyen \u2018Asr\u0131n Felaketi&#8217; olarak nitelendirilen deprem sonras\u0131 Ad\u0131yaman&#8217;da yaralar\u0131n\u0131n sar\u0131lmas\u0131na devam ediliyor.<\/p>\n\n\n\n<p>Ad\u0131yaman&#8217;\u0131n G\u00f6lba\u015f\u0131 il\u00e7esinde Tokat Belediyesi ekipleri depremde kentin tamamen \u00e7\u00f6km\u00fc\u015f olan altyap\u0131 ihtiya\u00e7lar\u0131n\u0131 kar\u015f\u0131lamak amac\u0131yla \u00e7al\u0131\u015fmalar\u0131n\u0131 s\u00fcrd\u00fcr\u00fcyor. Depremin ilk g\u00fcnlerinde b\u00fcy\u00fck s\u0131k\u0131nt\u0131 olan su ihtiyac\u0131n\u0131n giderilmesi amac\u0131yla kentin bir\u00e7ok noktas\u0131na yerle\u015ftirilen tankerlerle su ihtiyac\u0131 kar\u015f\u0131land\u0131. Ayr\u0131ca yap\u0131lan \u00e7al\u0131\u015fmalarla kentin iki mahallesine \u015febeke suyunun ula\u015ft\u0131r\u0131lmas\u0131n\u0131 sa\u011flad\u0131. Erkenek i\u00e7me suyu isale hatt\u0131nda DS\u0130&#8217;nin yapt\u0131\u011f\u0131 \u00e7al\u0131\u015fmalar\u0131n tamamlanmas\u0131 ile kentin tamam\u0131na yak\u0131n\u0131na su verilebilmesi i\u00e7in \u00e7al\u0131\u015fmalar\u0131n ger\u00e7ekle\u015ftirilece\u011fi kaydedildi. 20 seyyar tuvalet ile 5 banyonun kuruldu\u011fu G\u00f6lba\u015f\u0131&#8217;nda 6 bin depremzedenin kalabilece\u011fi konteyner kentin kurulmas\u0131 i\u00e7in de altyap\u0131 \u00e7al\u0131\u015fmalar\u0131 devam ediyor.<\/p>\n\n\n\n<p>G\u00f6lba\u015f\u0131 il\u00e7esine koordinasyon ile g\u00f6revlendirilen Tokat Belediye Ba\u015fkan\u0131 Ey\u00fcp Ero\u011flu, depremin yaralar\u0131n\u0131 sarmak i\u00e7in \u00e7al\u0131\u015fmalar\u0131n\u0131 s\u00fcrd\u00fcklerini ifade ederek, \u201cDevletimiz b\u00fct\u00fcn kurumlar\u0131 ile deprem b\u00f6lgesindeki her il ve il\u00e7ede \u00e7al\u0131\u015fmalar\u0131n\u0131 s\u00fcrd\u00fcr\u00fcyor. Bizler de Tokat Valimiz Numan Hatipo\u011flu&#8217;nun koordinesinde bulunan G\u00f6lba\u015f\u0131 il\u00e7emizde ba\u015fta altyap\u0131 olmak \u00fczere \u00e7al\u0131\u015fmalar ger\u00e7ekle\u015ftiriyoruz. Sahadaki personelimiz di\u011fer kurumlar\u0131m\u0131zla birlikte arama kurtarma \u00e7al\u0131\u015fmalar\u0131na kat\u0131l\u0131yor. B\u00fct\u00fcn vatanda\u015flar\u0131m\u0131z\u0131 derinden etkileyen depremin izlerinin bir an \u00f6nce silinmesi, b\u00f6lgede ya\u015fayan vatanda\u015flar\u0131m\u0131z\u0131n ihtiya\u00e7lar\u0131n\u0131n kar\u015f\u0131lanmas\u0131 i\u00e7in g\u00f6revli di\u011fer kurum ve belediyelerimizle birlikte sahada \u00e7al\u0131\u015fmalar\u0131m\u0131z\u0131 s\u00fcrd\u00fcr\u00fcyoruz\u201d diye konu\u015ftu.<\/p>\n","protected":false},"excerpt":{"rendered":"<p>&nbsp;B\u00fcy\u00fck okuAAA Kahramanmara\u015f merkezli 10 ili etkileyen \u2018Asr\u0131n Felaketi\u2019 olarak nitelendirilen deprem sonras\u0131 Ad\u0131yaman\u2019da yaralar\u0131n\u0131n sar\u0131lmas\u0131na devam ediliyor. Kahramanmara\u015f merkezli 10 ili etkileyen \u2018Asr\u0131n Felaketi&#8217; olarak nitelendirilen deprem sonras\u0131 Ad\u0131yaman&#8217;da yaralar\u0131n\u0131n sar\u0131lmas\u0131na devam ediliyor. Ad\u0131yaman&#8217;\u0131n G\u00f6lba\u015f\u0131 il\u00e7esinde Tokat Belediyesi ekipleri depremde kentin tamamen \u00e7\u00f6km\u00fc\u015f olan altyap\u0131 ihtiya\u00e7lar\u0131n\u0131 kar\u015f\u0131lamak amac\u0131yla \u00e7al\u0131\u015fmalar\u0131n\u0131 s\u00fcrd\u00fcr\u00fcyor. Depremin ilk g\u00fcnlerinde b\u00fcy\u00fck [&hellip;]<\/p>\n","protected":false},"author":2,"featured_media":701,"comment_status":"open","ping_status":"open","sticky":false,"template":"","format":"standard","meta":{"footnotes":""},"categories":[1],"tags":[],"class_list":["post-700","post","type-post","status-publish","format-standard","has-post-thumbnail","hentry","category-turhal-haberleri"],"_links":{"self":[{"href":"https:\/\/www.turhalhakimiyet.com\/index.php\/wp-json\/wp\/v2\/posts\/700","targetHints":{"allow":["GET"]}}],"collection":[{"href":"https:\/\/www.turhalhakimiyet.com\/index.php\/wp-json\/wp\/v2\/posts"}],"about":[{"href":"https:\/\/www.turhalhakimiyet.com\/index.php\/wp-json\/wp\/v2\/types\/post"}],"author":[{"embeddable":true,"href":"https:\/\/www.turhalhakimiyet.com\/index.php\/wp-json\/wp\/v2\/users\/2"}],"replies":[{"embeddable":true,"href":"https:\/\/www.turhalhakimiyet.com\/index.php\/wp-json\/wp\/v2\/comments?post=700"}],"version-history":[{"count":1,"href":"https:\/\/www.turhalhakimiyet.com\/index.php\/wp-json\/wp\/v2\/posts\/700\/revisions"}],"predecessor-version":[{"id":702,"href":"https:\/\/www.turhalhakimiyet.com\/index.php\/wp-json\/wp\/v2\/posts\/700\/revisions\/702"}],"wp:featuredmedia":[{"embeddable":true,"href":"https:\/\/www.turhalhakimiyet.com\/index.php\/wp-json\/wp\/v2\/media\/701"}],"wp:attachment":[{"href":"https:\/\/www.turhalhakimiyet.com\/index.php\/wp-json\/wp\/v2\/media?parent=700"}],"wp:term":[{"taxonomy":"category","embeddable":true,"href":"https:\/\/www.turhalhakimiyet.com\/index.php\/wp-json\/wp\/v2\/categories?post=700"},{"taxonomy":"post_tag","embeddable":true,"href":"https:\/\/www.turhalhakimiyet.com\/index.php\/wp-json\/wp\/v2\/tags?post=700"}],"curies":[{"name":"wp","href":"https:\/\/api.w.org\/{rel}","templated":true}]}}