{"id":703,"date":"2023-02-16T10:14:04","date_gmt":"2023-02-16T07:14:04","guid":{"rendered":"https:\/\/www.turhalhakimiyet.com\/?p=703"},"modified":"2023-02-16T10:14:04","modified_gmt":"2023-02-16T07:14:04","slug":"tokatta-30-koy-yolu-kapandi","status":"publish","type":"post","link":"https:\/\/www.turhalhakimiyet.com\/index.php\/tokatta-30-koy-yolu-kapandi\/","title":{"rendered":"TOKAT&#8217;TA 30 K\u00d6Y YOLU KAPANDI"},"content":{"rendered":"\n<p>Tokat Valili\u011fi\u2019nden al\u0131nan bilgiye g\u00f6re, Artova\u2019da 4, Ba\u015f\u00e7iftlik&#8217;te 6, Erbaa&#8217;da 5, Re\u015fadiye&#8217;de 15 olmak \u00fczere toplamda 30 k\u00f6y yolu ula\u015f\u0131ma kapand\u0131.<\/p>\n\n\n\n<p>\u00dclke genelinde\u00a0 etkili\u00a0olan kar ya\u011f\u0131\u015f\u0131, hayat\u0131 olumsuz etkiledi. Etkili olan\u00a0kar ya\u011f\u0131\u015f\u0131 ula\u015f\u0131mda aksamlar meydana gelirken, bir\u00e7ok ilde y\u00fczlerce yerle\u015fim yeri ve kara yolu ula\u015f\u0131ma kapand\u0131. Kentlerde bulunan Karayollar\u0131 ve \u0130l \u00d6zel \u0130daresi ekipleri kardan dolay\u0131 kapanan\u00a0 ula\u015f\u0131m\u00a0yerlerini a\u00e7mak i\u00e7in m\u00fccadelesini s\u00fcrd\u00fcr\u00fcyor.<\/p>\n\n\n\n<p>Tokat Valili\u011fi\u2019nden al\u0131nan bilgiye g\u00f6re, Artova\u2019da 4, Ba\u015f\u00e7iftlik&#8217;te 6, Erbaa&#8217;da 5, Re\u015fadiye&#8217;de 15 olmak \u00fczere toplamda 30\u00a0 k\u00f6y yolu\u00a0ula\u015f\u0131ma kapand\u0131.<\/p>\n","protected":false},"excerpt":{"rendered":"<p>Tokat Valili\u011fi\u2019nden al\u0131nan bilgiye g\u00f6re, Artova\u2019da 4, Ba\u015f\u00e7iftlik&#8217;te 6, Erbaa&#8217;da 5, Re\u015fadiye&#8217;de 15 olmak \u00fczere toplamda 30 k\u00f6y yolu ula\u015f\u0131ma kapand\u0131. \u00dclke genelinde\u00a0 etkili\u00a0olan kar ya\u011f\u0131\u015f\u0131, hayat\u0131 olumsuz etkiledi. Etkili olan\u00a0kar ya\u011f\u0131\u015f\u0131 ula\u015f\u0131mda aksamlar meydana gelirken, bir\u00e7ok ilde y\u00fczlerce yerle\u015fim yeri ve kara yolu ula\u015f\u0131ma kapand\u0131. Kentlerde bulunan Karayollar\u0131 ve \u0130l \u00d6zel \u0130daresi ekipleri kardan [&hellip;]<\/p>\n","protected":false},"author":2,"featured_media":704,"comment_status":"open","ping_status":"open","sticky":false,"template":"","format":"standard","meta":{"footnotes":""},"categories":[1],"tags":[],"class_list":["post-703","post","type-post","status-publish","format-standard","has-post-thumbnail","hentry","category-turhal-haberleri"],"_links":{"self":[{"href":"https:\/\/www.turhalhakimiyet.com\/index.php\/wp-json\/wp\/v2\/posts\/703","targetHints":{"allow":["GET"]}}],"collection":[{"href":"https:\/\/www.turhalhakimiyet.com\/index.php\/wp-json\/wp\/v2\/posts"}],"about":[{"href":"https:\/\/www.turhalhakimiyet.com\/index.php\/wp-json\/wp\/v2\/types\/post"}],"author":[{"embeddable":true,"href":"https:\/\/www.turhalhakimiyet.com\/index.php\/wp-json\/wp\/v2\/users\/2"}],"replies":[{"embeddable":true,"href":"https:\/\/www.turhalhakimiyet.com\/index.php\/wp-json\/wp\/v2\/comments?post=703"}],"version-history":[{"count":1,"href":"https:\/\/www.turhalhakimiyet.com\/index.php\/wp-json\/wp\/v2\/posts\/703\/revisions"}],"predecessor-version":[{"id":705,"href":"https:\/\/www.turhalhakimiyet.com\/index.php\/wp-json\/wp\/v2\/posts\/703\/revisions\/705"}],"wp:featuredmedia":[{"embeddable":true,"href":"https:\/\/www.turhalhakimiyet.com\/index.php\/wp-json\/wp\/v2\/media\/704"}],"wp:attachment":[{"href":"https:\/\/www.turhalhakimiyet.com\/index.php\/wp-json\/wp\/v2\/media?parent=703"}],"wp:term":[{"taxonomy":"category","embeddable":true,"href":"https:\/\/www.turhalhakimiyet.com\/index.php\/wp-json\/wp\/v2\/categories?post=703"},{"taxonomy":"post_tag","embeddable":true,"href":"https:\/\/www.turhalhakimiyet.com\/index.php\/wp-json\/wp\/v2\/tags?post=703"}],"curies":[{"name":"wp","href":"https:\/\/api.w.org\/{rel}","templated":true}]}}