{"id":710,"date":"2023-02-17T09:54:32","date_gmt":"2023-02-17T06:54:32","guid":{"rendered":"https:\/\/www.turhalhakimiyet.com\/?p=710"},"modified":"2023-02-17T09:54:32","modified_gmt":"2023-02-17T06:54:32","slug":"ruyasina-girdi-depremde-mahsur-kalan-kedisini-cani-pahasina-kurtardi","status":"publish","type":"post","link":"https:\/\/www.turhalhakimiyet.com\/index.php\/ruyasina-girdi-depremde-mahsur-kalan-kedisini-cani-pahasina-kurtardi\/","title":{"rendered":"R\u00fcyas\u0131na girdi, depremde mahsur kalan kedisini can\u0131 pahas\u0131na kurtard\u0131"},"content":{"rendered":"\n<h3 class=\"wp-block-heading\">Malatya\u2019da depreme yakalanan adam, r\u00fcyas\u0131na giren kedisini can\u0131 pahas\u0131na da olsa y\u0131k\u0131lmak \u00fczere olan evine girerek kurtard\u0131.<\/h3>\n\n\n\n<p>Malatya&#8217;da depreme yakalanan adam, r\u00fcyas\u0131na giren kedisini can\u0131 pahas\u0131na da olsa y\u0131k\u0131lmak \u00fczere olan evine girerek kurtard\u0131.<\/p>\n\n\n\n<p>Kahramanmara\u015f merkezli deprem, 11 ilde on binlerce ki\u015finin \u00f6l\u00fcm\u00fcne ve binlerce binan\u0131n y\u0131k\u0131lmas\u0131na neden oldu. A\u011f\u0131r hasarl\u0131 binalardan canlar\u0131n\u0131 zor kurtaranlar deprem b\u00f6lgesinden ayr\u0131l\u0131rken, can dostlar\u0131n\u0131 geride b\u0131rakmad\u0131. Malatya&#8217;da depreme yakalanan 3 \u00e7ocuk babas\u0131 esnaf Erdal Karaku\u015f, a\u011f\u0131r hasar g\u00f6ren 4 katl\u0131 apartmandan ailesini yara almadan kurtard\u0131. Evleri hasar g\u00f6rd\u00fc\u011f\u00fc i\u00e7in Tokat&#8217;ta bir kamu kurumunda \u00e7al\u0131\u015fan o\u011flunun yan\u0131na yerle\u015fen Karaku\u015f, can\u0131 pahas\u0131na kurtard\u0131\u011f\u0131 kedisini de beraberinde getirdi.<\/p>\n\n\n\n<p>R\u00fcyas\u0131na giren kedisini, a\u011f\u0131r hasarl\u0131 evine girerek kurtard\u0131<\/p>\n\n\n\n<p>Yavru iken sahiplendi\u011fi 1,5 ya\u015flar\u0131ndaki \u2018Dobi&#8217; isimli kedisini ailesinden farks\u0131z g\u00f6ren Karaku\u015f, deprem sonras\u0131nda ya\u015fad\u0131klar\u0131n\u0131 anlatt\u0131. Uykuda yakaland\u0131klar\u0131 depremde hasar g\u00f6ren evlerinden canlar\u0131n\u0131 zor kurtard\u0131klar\u0131n\u0131 beliren Karaku\u015f, &#8220;Evden \u00e7\u0131karken kedimi de kucaklay\u0131p yan\u0131ma alm\u0131\u015ft\u0131m. Otomobilde durmad\u0131, ka\u00e7t\u0131. Daha sonra yakalay\u0131p bir s\u00fcre sonra eve d\u00f6neriz d\u00fc\u015f\u00fcncesi ile kedimi eve b\u0131rakt\u0131m. \u0130kinci deprem olunca eve daha girme imkan\u0131m\u0131z olmad\u0131. Ama gece r\u00fcyalar\u0131ma giriyordu. R\u00fcyamda kap\u0131y\u0131 a\u00e7t\u0131\u011f\u0131nda kedimin \u00f6ld\u00fc\u011f\u00fcn\u00fc g\u00f6rd\u00fcm ve \u00e7ok \u00fcz\u00fcld\u00fcm. Ertesi g\u00fcn can\u0131 pahas\u0131na kurtarmak istedim. Kap\u0131y\u0131 a\u00e7amad\u0131\u011f\u0131m i\u00e7in k\u0131rarak eve girdim. Kediyi i\u00e7eride bulamad\u0131m, k\u00f6ye gittik. Tokat&#8217;a gelece\u011fimiz g\u00fcn vicdan azab\u0131nda kalmamak i\u00e7in tekrar eve gittim. E\u015fimle birlikte birka\u00e7 par\u00e7a e\u015fya ald\u0131k. O s\u0131rada seslendim, sesimi duyunca tepki verdi. \u00c7ok \u015f\u00fck\u00fcr kurtararak Tokat&#8217;a getirdik&#8221; dedi.<\/p>\n\n\n\n<p>Kedisini kurtarmak i\u00e7in 3-4 defa binaya girdi\u011fini, o s\u0131rada art\u00e7\u0131 sars\u0131nt\u0131lara yakaland\u0131\u011f\u0131n\u0131 belirten Karaku\u015f, &#8220;O an bir \u015fey d\u00fc\u015f\u00fcnemiyorsun, Allah&#8217;\u0131n verdi\u011fi g\u00fc\u00e7 kuvvet. Onlar\u0131n da bir can\u0131 oldu\u011funu d\u00fc\u015f\u00fcnd\u00fc\u011f\u00fcm\u00fcz i\u00e7in \u00e7ok \u015f\u00fck\u00fcr kazas\u0131z belas\u0131z atlatt\u0131k. Bu kedimi ilk buldu\u011fumda yavru idi, 250 gram geliyordu. Hasta idi veterinere g\u00f6t\u00fcrd\u00fcm, &#8216;Enfeksiyon kapm\u0131\u015f, ya\u015fama \u015fans\u0131 zor&#8217; dedi. Hamdolsun bug\u00fcn 6 kilonun \u00fczerinde&#8221; diye konu\u015ftu.<\/p>\n\n\n\n<p>Veteriner Hekim Fatih Ko\u00e7 taraf\u0131ndan muayenesi yap\u0131lan kediye, parazit a\u015f\u0131s\u0131 uyguland\u0131. Ko\u00e7, hayvanlar\u0131n da depremden insanlar gibi olumsuz etkilendi\u011fini s\u00f6yledi.<\/p>\n","protected":false},"excerpt":{"rendered":"<p>Malatya\u2019da depreme yakalanan adam, r\u00fcyas\u0131na giren kedisini can\u0131 pahas\u0131na da olsa y\u0131k\u0131lmak \u00fczere olan evine girerek kurtard\u0131. Malatya&#8217;da depreme yakalanan adam, r\u00fcyas\u0131na giren kedisini can\u0131 pahas\u0131na da olsa y\u0131k\u0131lmak \u00fczere olan evine girerek kurtard\u0131. Kahramanmara\u015f merkezli deprem, 11 ilde on binlerce ki\u015finin \u00f6l\u00fcm\u00fcne ve binlerce binan\u0131n y\u0131k\u0131lmas\u0131na neden oldu. A\u011f\u0131r hasarl\u0131 binalardan canlar\u0131n\u0131 zor kurtaranlar [&hellip;]<\/p>\n","protected":false},"author":2,"featured_media":711,"comment_status":"open","ping_status":"open","sticky":false,"template":"","format":"standard","meta":{"footnotes":""},"categories":[1],"tags":[],"class_list":["post-710","post","type-post","status-publish","format-standard","has-post-thumbnail","hentry","category-turhal-haberleri"],"_links":{"self":[{"href":"https:\/\/www.turhalhakimiyet.com\/index.php\/wp-json\/wp\/v2\/posts\/710","targetHints":{"allow":["GET"]}}],"collection":[{"href":"https:\/\/www.turhalhakimiyet.com\/index.php\/wp-json\/wp\/v2\/posts"}],"about":[{"href":"https:\/\/www.turhalhakimiyet.com\/index.php\/wp-json\/wp\/v2\/types\/post"}],"author":[{"embeddable":true,"href":"https:\/\/www.turhalhakimiyet.com\/index.php\/wp-json\/wp\/v2\/users\/2"}],"replies":[{"embeddable":true,"href":"https:\/\/www.turhalhakimiyet.com\/index.php\/wp-json\/wp\/v2\/comments?post=710"}],"version-history":[{"count":1,"href":"https:\/\/www.turhalhakimiyet.com\/index.php\/wp-json\/wp\/v2\/posts\/710\/revisions"}],"predecessor-version":[{"id":712,"href":"https:\/\/www.turhalhakimiyet.com\/index.php\/wp-json\/wp\/v2\/posts\/710\/revisions\/712"}],"wp:featuredmedia":[{"embeddable":true,"href":"https:\/\/www.turhalhakimiyet.com\/index.php\/wp-json\/wp\/v2\/media\/711"}],"wp:attachment":[{"href":"https:\/\/www.turhalhakimiyet.com\/index.php\/wp-json\/wp\/v2\/media?parent=710"}],"wp:term":[{"taxonomy":"category","embeddable":true,"href":"https:\/\/www.turhalhakimiyet.com\/index.php\/wp-json\/wp\/v2\/categories?post=710"},{"taxonomy":"post_tag","embeddable":true,"href":"https:\/\/www.turhalhakimiyet.com\/index.php\/wp-json\/wp\/v2\/tags?post=710"}],"curies":[{"name":"wp","href":"https:\/\/api.w.org\/{rel}","templated":true}]}}