{"id":721,"date":"2023-02-17T10:34:06","date_gmt":"2023-02-17T07:34:06","guid":{"rendered":"https:\/\/www.turhalhakimiyet.com\/?p=721"},"modified":"2023-02-17T10:34:06","modified_gmt":"2023-02-17T07:34:06","slug":"kaymakam-gokaydan-ilcemizdeki-misafir-depremzede-aileye-ziyaret","status":"publish","type":"post","link":"https:\/\/www.turhalhakimiyet.com\/index.php\/kaymakam-gokaydan-ilcemizdeki-misafir-depremzede-aileye-ziyaret\/","title":{"rendered":"KAYMAKAM G\u00d6KAY&#8217;DAN \u0130L\u00c7EM\u0130ZDEK\u0130 M\u0130SAF\u0130R DEPREMZEDE A\u0130LEYE Z\u0130YARET"},"content":{"rendered":"\n<p>Turhal Kaymakam\u0131 Ali G\u00f6kay, Turhal Cumhuriyet Ba\u015fsavc\u0131s\u0131 Aydemir \u00c7elik, ilgili birim m\u00fcd\u00fcrleri ile birlikte meydana gelen deprem sonras\u0131 Ad\u0131yaman ilinden il\u00e7emize misafir olarak gelen depremzede aileyi ziyaret ederek ge\u00e7mi\u015f olsun dileklerini iletti. Ziyarette deprem nedeniyle vefat eden vatanda\u015flar\u0131m\u0131z i\u00e7in Kuran-\u0131 Kerim okunarak dualar edildi.<\/p>\n","protected":false},"excerpt":{"rendered":"<p>Turhal Kaymakam\u0131 Ali G\u00f6kay, Turhal Cumhuriyet Ba\u015fsavc\u0131s\u0131 Aydemir \u00c7elik, ilgili birim m\u00fcd\u00fcrleri ile birlikte meydana gelen deprem sonras\u0131 Ad\u0131yaman ilinden il\u00e7emize misafir olarak gelen depremzede aileyi ziyaret ederek ge\u00e7mi\u015f olsun dileklerini iletti. Ziyarette deprem nedeniyle vefat eden vatanda\u015flar\u0131m\u0131z i\u00e7in Kuran-\u0131 Kerim okunarak dualar edildi.<\/p>\n","protected":false},"author":2,"featured_media":722,"comment_status":"open","ping_status":"open","sticky":false,"template":"","format":"standard","meta":{"footnotes":""},"categories":[1],"tags":[],"class_list":["post-721","post","type-post","status-publish","format-standard","has-post-thumbnail","hentry","category-turhal-haberleri"],"_links":{"self":[{"href":"https:\/\/www.turhalhakimiyet.com\/index.php\/wp-json\/wp\/v2\/posts\/721","targetHints":{"allow":["GET"]}}],"collection":[{"href":"https:\/\/www.turhalhakimiyet.com\/index.php\/wp-json\/wp\/v2\/posts"}],"about":[{"href":"https:\/\/www.turhalhakimiyet.com\/index.php\/wp-json\/wp\/v2\/types\/post"}],"author":[{"embeddable":true,"href":"https:\/\/www.turhalhakimiyet.com\/index.php\/wp-json\/wp\/v2\/users\/2"}],"replies":[{"embeddable":true,"href":"https:\/\/www.turhalhakimiyet.com\/index.php\/wp-json\/wp\/v2\/comments?post=721"}],"version-history":[{"count":1,"href":"https:\/\/www.turhalhakimiyet.com\/index.php\/wp-json\/wp\/v2\/posts\/721\/revisions"}],"predecessor-version":[{"id":723,"href":"https:\/\/www.turhalhakimiyet.com\/index.php\/wp-json\/wp\/v2\/posts\/721\/revisions\/723"}],"wp:featuredmedia":[{"embeddable":true,"href":"https:\/\/www.turhalhakimiyet.com\/index.php\/wp-json\/wp\/v2\/media\/722"}],"wp:attachment":[{"href":"https:\/\/www.turhalhakimiyet.com\/index.php\/wp-json\/wp\/v2\/media?parent=721"}],"wp:term":[{"taxonomy":"category","embeddable":true,"href":"https:\/\/www.turhalhakimiyet.com\/index.php\/wp-json\/wp\/v2\/categories?post=721"},{"taxonomy":"post_tag","embeddable":true,"href":"https:\/\/www.turhalhakimiyet.com\/index.php\/wp-json\/wp\/v2\/tags?post=721"}],"curies":[{"name":"wp","href":"https:\/\/api.w.org\/{rel}","templated":true}]}}