{"id":727,"date":"2023-02-17T10:41:13","date_gmt":"2023-02-17T07:41:13","guid":{"rendered":"https:\/\/www.turhalhakimiyet.com\/?p=727"},"modified":"2023-02-17T10:41:13","modified_gmt":"2023-02-17T07:41:13","slug":"turhal-haril-haril-depremzede-bolgesine-calisiyor","status":"publish","type":"post","link":"https:\/\/www.turhalhakimiyet.com\/index.php\/turhal-haril-haril-depremzede-bolgesine-calisiyor\/","title":{"rendered":"Turhal Har\u0131l Har\u0131l Depremzede B\u00f6lgesine \u00c7al\u0131\u015f\u0131yor"},"content":{"rendered":"\n<p>Turhal Kaymakam\u0131 Ali G\u00f6kay, \u0130l\u00e7emizdeki g\u00f6n\u00fcll\u00fc hem\u015fehrilerimiz taraf\u0131ndan depremzede vatanda\u015flar\u0131m\u0131z i\u00e7in bere, eldiven ve kazak gibi k\u0131\u015fl\u0131k k\u0131yafetlerin dikildi\u011fi Halk E\u011fitim Merkezi\u2019ni ziyaret ederek M\u00fcd\u00fcr \u0130smail \u00c7inpolat\u2019tan \u00e7al\u0131\u015fmalar hakk\u0131nda bilgiler ald\u0131 ve Ziyaret sonunda eme\u011fi ge\u00e7en g\u00f6n\u00fcll\u00fc hem\u015fehrilerimize te\u015fekk\u00fcr etti.<\/p>\n","protected":false},"excerpt":{"rendered":"<p>Turhal Kaymakam\u0131 Ali G\u00f6kay, \u0130l\u00e7emizdeki g\u00f6n\u00fcll\u00fc hem\u015fehrilerimiz taraf\u0131ndan depremzede vatanda\u015flar\u0131m\u0131z i\u00e7in bere, eldiven ve kazak gibi k\u0131\u015fl\u0131k k\u0131yafetlerin dikildi\u011fi Halk E\u011fitim Merkezi\u2019ni ziyaret ederek M\u00fcd\u00fcr \u0130smail \u00c7inpolat\u2019tan \u00e7al\u0131\u015fmalar hakk\u0131nda bilgiler ald\u0131 ve Ziyaret sonunda eme\u011fi ge\u00e7en g\u00f6n\u00fcll\u00fc hem\u015fehrilerimize te\u015fekk\u00fcr etti.<\/p>\n","protected":false},"author":2,"featured_media":728,"comment_status":"open","ping_status":"open","sticky":false,"template":"","format":"standard","meta":{"footnotes":""},"categories":[1],"tags":[],"class_list":["post-727","post","type-post","status-publish","format-standard","has-post-thumbnail","hentry","category-turhal-haberleri"],"_links":{"self":[{"href":"https:\/\/www.turhalhakimiyet.com\/index.php\/wp-json\/wp\/v2\/posts\/727","targetHints":{"allow":["GET"]}}],"collection":[{"href":"https:\/\/www.turhalhakimiyet.com\/index.php\/wp-json\/wp\/v2\/posts"}],"about":[{"href":"https:\/\/www.turhalhakimiyet.com\/index.php\/wp-json\/wp\/v2\/types\/post"}],"author":[{"embeddable":true,"href":"https:\/\/www.turhalhakimiyet.com\/index.php\/wp-json\/wp\/v2\/users\/2"}],"replies":[{"embeddable":true,"href":"https:\/\/www.turhalhakimiyet.com\/index.php\/wp-json\/wp\/v2\/comments?post=727"}],"version-history":[{"count":1,"href":"https:\/\/www.turhalhakimiyet.com\/index.php\/wp-json\/wp\/v2\/posts\/727\/revisions"}],"predecessor-version":[{"id":729,"href":"https:\/\/www.turhalhakimiyet.com\/index.php\/wp-json\/wp\/v2\/posts\/727\/revisions\/729"}],"wp:featuredmedia":[{"embeddable":true,"href":"https:\/\/www.turhalhakimiyet.com\/index.php\/wp-json\/wp\/v2\/media\/728"}],"wp:attachment":[{"href":"https:\/\/www.turhalhakimiyet.com\/index.php\/wp-json\/wp\/v2\/media?parent=727"}],"wp:term":[{"taxonomy":"category","embeddable":true,"href":"https:\/\/www.turhalhakimiyet.com\/index.php\/wp-json\/wp\/v2\/categories?post=727"},{"taxonomy":"post_tag","embeddable":true,"href":"https:\/\/www.turhalhakimiyet.com\/index.php\/wp-json\/wp\/v2\/tags?post=727"}],"curies":[{"name":"wp","href":"https:\/\/api.w.org\/{rel}","templated":true}]}}