{"id":730,"date":"2023-02-17T13:21:05","date_gmt":"2023-02-17T10:21:05","guid":{"rendered":"https:\/\/www.turhalhakimiyet.com\/?p=730"},"modified":"2023-02-17T13:21:05","modified_gmt":"2023-02-17T10:21:05","slug":"eski-nisanlisini-olduren-kadinin-cep-telefonu-incelenecek","status":"publish","type":"post","link":"https:\/\/www.turhalhakimiyet.com\/index.php\/eski-nisanlisini-olduren-kadinin-cep-telefonu-incelenecek\/","title":{"rendered":"Eski ni\u015fanl\u0131s\u0131n\u0131 \u00f6ld\u00fcren kad\u0131n\u0131n cep telefonu incelenecek"},"content":{"rendered":"\n<p>Tokat&#8217;ta eski ni\u015fanl\u0131s\u0131n\u0131 \u00f6ld\u00fcren F.G. isimli kad\u0131n\u0131n cep telefonu ve Kent G\u00fcvenli\u011fi Kameralar\u0131n\u0131n incelenmesi i\u00e7in dava ileri bir tarihe ertelendi.<\/p>\n\n\n\n<p>Tokat&#8217;ta A\u011fustos ay\u0131nda meydana gelen olayda eski ni\u015fanl\u0131s\u0131 Ahmet Batuhan Y\u0131ld\u0131z&#8217;\u0131 (27) tabanca ile vurarak \u00f6ld\u00fcren ve k\u0131z arkada\u015f\u0131 E.D.&#8217;yi (26) yaralayan F.G. (24) A\u011f\u0131r Ceza Mahkemesinde ikinci kez hakim kar\u015f\u0131s\u0131na \u00e7\u0131kt\u0131. &#8216;Tasarlayarak adam \u00f6ld\u00fcrme&#8217; su\u00e7undan yarg\u0131lanan gen\u00e7 kad\u0131nla birlikte Ahmet Batuhan Y\u0131ld\u0131z&#8217;\u0131n ailesi ve avukat\u0131 duru\u015fmada haz\u0131r bulundu. Mahkemede san\u0131k F. G. baz\u0131 ithamlarda bulunarak kendini savundu. \u00d6ld\u00fcr\u00fclen gencin a\u011fabeyi O.Y ise ithamlar\u0131 reddederek gen\u00e7 kad\u0131ndan \u015fikayet\u00e7i oldu\u011funu s\u00f6yledi. Bu s\u0131rada O.Y ile san\u0131k avukat\u0131 aras\u0131nda gerginlik ya\u015fand\u0131. San\u0131\u011f\u0131n avukatlar\u0131 m\u00fcvekkilleri ve maktul\u00fcn telefonlar\u0131n\u0131 incelenmesini talep etti. Delil dosyas\u0131 i\u00e7inde bulunan san\u0131\u011f\u0131n cep telefonun parmak izi ile a\u00e7\u0131labilece\u011fi, maktul\u00fcn ise cep telefonun \u015fifresi olmad\u0131\u011f\u0131ndan a\u00e7\u0131lamad\u0131\u011f\u0131 beyan edildi. Mahkeme, san\u0131k F.K&#8217;n\u0131n tutuklulu\u011funun devam\u0131na, kent g\u00fcvenlik kameralar\u0131, san\u0131\u011f\u0131n cep telefonun incelenmesi talebi \u00fczerine davay\u0131 05 May\u0131s 2023 tarihine erteledi.<\/p>\n\n\n\n<p>Olay\u0131n ge\u00e7mi\u015fi<\/p>\n\n\n\n<p>Olay, \u00c7e\u00e7enistan Caddesi&#8217;nde meydana geldi. F.G. eski ni\u015fanl\u0131s\u0131 Ahmet Batuhan Y\u0131ld\u0131z (27) ile k\u0131z arkada\u015f\u0131 E.D.&#8217;ye (26) tabanca ile ate\u015f a\u00e7t\u0131. A\u00e7\u0131lan ate\u015f sonucu Y\u0131ld\u0131z ile arkada\u015f\u0131 E.D. yaraland\u0131. Yaral\u0131lardan Ahmet Batuhan Y\u0131ld\u0131z, hastanede yap\u0131lan t\u00fcm m\u00fcdahalelere ra\u011fmen kurtar\u0131lmad\u0131.<\/p>\n","protected":false},"excerpt":{"rendered":"<p>Tokat&#8217;ta eski ni\u015fanl\u0131s\u0131n\u0131 \u00f6ld\u00fcren F.G. isimli kad\u0131n\u0131n cep telefonu ve Kent G\u00fcvenli\u011fi Kameralar\u0131n\u0131n incelenmesi i\u00e7in dava ileri bir tarihe ertelendi. Tokat&#8217;ta A\u011fustos ay\u0131nda meydana gelen olayda eski ni\u015fanl\u0131s\u0131 Ahmet Batuhan Y\u0131ld\u0131z&#8217;\u0131 (27) tabanca ile vurarak \u00f6ld\u00fcren ve k\u0131z arkada\u015f\u0131 E.D.&#8217;yi (26) yaralayan F.G. (24) A\u011f\u0131r Ceza Mahkemesinde ikinci kez hakim kar\u015f\u0131s\u0131na \u00e7\u0131kt\u0131. &#8216;Tasarlayarak adam \u00f6ld\u00fcrme&#8217; [&hellip;]<\/p>\n","protected":false},"author":2,"featured_media":731,"comment_status":"open","ping_status":"open","sticky":false,"template":"","format":"standard","meta":{"footnotes":""},"categories":[1],"tags":[],"class_list":["post-730","post","type-post","status-publish","format-standard","has-post-thumbnail","hentry","category-turhal-haberleri"],"_links":{"self":[{"href":"https:\/\/www.turhalhakimiyet.com\/index.php\/wp-json\/wp\/v2\/posts\/730","targetHints":{"allow":["GET"]}}],"collection":[{"href":"https:\/\/www.turhalhakimiyet.com\/index.php\/wp-json\/wp\/v2\/posts"}],"about":[{"href":"https:\/\/www.turhalhakimiyet.com\/index.php\/wp-json\/wp\/v2\/types\/post"}],"author":[{"embeddable":true,"href":"https:\/\/www.turhalhakimiyet.com\/index.php\/wp-json\/wp\/v2\/users\/2"}],"replies":[{"embeddable":true,"href":"https:\/\/www.turhalhakimiyet.com\/index.php\/wp-json\/wp\/v2\/comments?post=730"}],"version-history":[{"count":1,"href":"https:\/\/www.turhalhakimiyet.com\/index.php\/wp-json\/wp\/v2\/posts\/730\/revisions"}],"predecessor-version":[{"id":732,"href":"https:\/\/www.turhalhakimiyet.com\/index.php\/wp-json\/wp\/v2\/posts\/730\/revisions\/732"}],"wp:featuredmedia":[{"embeddable":true,"href":"https:\/\/www.turhalhakimiyet.com\/index.php\/wp-json\/wp\/v2\/media\/731"}],"wp:attachment":[{"href":"https:\/\/www.turhalhakimiyet.com\/index.php\/wp-json\/wp\/v2\/media?parent=730"}],"wp:term":[{"taxonomy":"category","embeddable":true,"href":"https:\/\/www.turhalhakimiyet.com\/index.php\/wp-json\/wp\/v2\/categories?post=730"},{"taxonomy":"post_tag","embeddable":true,"href":"https:\/\/www.turhalhakimiyet.com\/index.php\/wp-json\/wp\/v2\/tags?post=730"}],"curies":[{"name":"wp","href":"https:\/\/api.w.org\/{rel}","templated":true}]}}