{"id":733,"date":"2023-02-17T14:36:30","date_gmt":"2023-02-17T11:36:30","guid":{"rendered":"https:\/\/www.turhalhakimiyet.com\/?p=733"},"modified":"2023-02-17T14:36:30","modified_gmt":"2023-02-17T11:36:30","slug":"togonun-dorduncu-yardim-araci-yola-cikti","status":"publish","type":"post","link":"https:\/\/www.turhalhakimiyet.com\/index.php\/togonun-dorduncu-yardim-araci-yola-cikti\/","title":{"rendered":"TOGO\u2019nun D\u00f6rd\u00fcnc\u00fc Yard\u0131m Arac\u0131 Yola \u00c7\u0131kt\u0131"},"content":{"rendered":"\n<p>Kahramanmara\u015f\u2019\u0131n Pazarc\u0131k ve Elbistan il\u00e7eleri merkezli olarak ya\u015fanan ve pek \u00e7ok ilimizi etkileyen deprem felaketi sonras\u0131 depremden etkilenen vatanda\u015flar\u0131m\u0131za destek olmak amac\u0131yla Tokat Gaziosman Pa\u015fa \u00dcniversitesi taraf\u0131ndan yard\u0131m ekipleri, g\u0131da ve k\u0131yafet malzemeleri deprem b\u00f6lgelerine sevk edilmeye devam ediyor.<br>Bu kapsamda d\u00f6rd\u00fcnc\u00fc yard\u0131m arac\u0131 yola \u00e7\u0131kt\u0131. Rekt\u00f6rl\u00fck \u00f6n\u00fcnde yap\u0131lan t\u00f6rene Rekt\u00f6r Prof. Dr. Fatih Y\u0131lmaz, Rekt\u00f6r yard\u0131mc\u0131lar\u0131 Prof. Dr. M\u00fccahit E\u011fri, Prof. Dr. Prof. Dr. Rasim Ko\u00e7yi\u011fit<br>ve Rekt\u00f6r Dan\u0131\u015fman\u0131<br>Do\u00e7. Dr. Yusuf Temur kat\u0131ld\u0131.<br>Yard\u0131m arac\u0131nda \u0130ktisadi ve \u0130dari Bilimler Fak\u00fcltesinden<br>Dr. \u00d6\u011fr. \u00dcyesi Haf\u0131jur Rahman\u2019\u0131n Banglade\u015f\u2019ten toplad\u0131\u011f\u0131 40 bin liral\u0131k yard\u0131m paras\u0131 ile sat\u0131n al\u0131nan \u00e7e\u015fitli g\u0131da malzemeleri yer ald\u0131. Ayr\u0131ca deprem b\u00f6lgesinde kurulan mutfak personelimizin g\u00f6rev de\u011fi\u015fimi i\u00e7in de yeni bir ekip g\u00f6nderildi.<br>Rekt\u00f6r Y\u0131lmaz Yard\u0131mlar\u0131m\u0131z Devam Edecek<br>Rekt\u00f6r Prof. Dr. Fatih Y\u0131lmaz \u00fcniversitemizin depremin ilk g\u00fcn\u00fcnden itibaren b\u00f6lgede insan kayna\u011f\u0131, giyecek ve yiyecek yard\u0131m\u0131 ile yer ald\u0131\u011f\u0131n\u0131 belirterek d\u00f6rd\u00fcnc\u00fc kez<br>g\u00f6nderilen ara\u00e7ta a\u015f\u00e7\u0131<br>personelimiz ile \u00e7e\u015fitli yard\u0131m malzemelerinin bulundu\u011funu s\u00f6yledi. G\u00f6lba\u015f\u0131\u2019da bulunan mutfak ve mobil f\u0131r\u0131n\u0131m\u0131zda g\u00f6rev alan a\u015f\u00e7\u0131 personelin g\u00f6rev de\u011fi\u015fiminin<br>ger\u00e7ekle\u015fece\u011fini belirten Rekt\u00f6r\u00fcm\u00fcz yemek hizmetinin devam edece\u011fini ifade etti. Yine \u00fcniversitemiz akademik ve idari personelinin de nakdi, g\u0131da ve giyecek yard\u0131m\u0131n\u0131n devam etti\u011fini s\u00f6yleyen Rekt\u00f6r\u00fcm\u00fcz yard\u0131mda bulunan t\u00fcm personelimize<br>te\u015fekk\u00fcrlerini sundu. \u00d6\u011fretim \u00fcyemiz Dr. \u00d6\u011fr. \u00dcyesi Haf\u0131jur Rahman arac\u0131l\u0131\u011f\u0131yla Banglade\u015f\u2019li karde\u015flerimiz taraf\u0131ndan g\u00f6nderilen nakdi yard\u0131m ile \u00e7e\u015fitli g\u0131da malzemelerinin al\u0131nd\u0131\u011f\u0131n\u0131 ve yard\u0131m arac\u0131m\u0131zla birlikte bu g\u0131da malzemelerinin de Ad\u0131yaman G\u00f6lba\u015f\u0131\u2019ya sevk edildi\u011fini belirten Rekt\u00f6r<br>Dr. \u00d6\u011fr. \u00dcyesi Haf\u0131jur Rahman ve Banglade\u015f\u2019li karde\u015flerimize te\u015fekk\u00fcrlerini sundu.<br>Dr. \u00d6\u011fr. \u00dcyesi Haf\u0131jur RahmanKarde\u015flerimizin Yan\u0131nday\u0131z<br>Dr. \u00d6\u011fr. \u00dcyesi Haf\u0131jur Rahman yapm\u0131\u015f oldu\u011fu a\u00e7\u0131klamada, depremin oldu\u011fu 6 \u015eubat\u2019tan itibaren yard\u0131m yapmak i\u00e7in giri\u015fimlerde bulundu\u011funu ifade ederek Banglade\u015f\u2019te bulunan dostlar\u0131ndan nakdi yard\u0131mlar toplad\u0131\u011f\u0131n\u0131 belirtti.<br>Nakdi yard\u0131m\u0131n bir k\u0131sm\u0131n\u0131 AFAD\u2019a g\u00f6nderdi\u011fini s\u00f6yleyen Rahman kalan k\u0131sm\u0131 ile de \u00e7e\u015fitli g\u0131da malzemelerinin sat\u0131n al\u0131narak \u00dcniversiteye teslim etti\u011fini ifade etti.<br>Dr. \u00d6\u011fr. \u00dcyesi Haf\u0131jur<br>Rahman organizasyonu yapan Rekt\u00f6r Y\u0131lmaz\u2019a ve \u00fcniversite y\u00f6netimine te\u015fekk\u00fcrlerini sundu. Ey\u00fcp Mert<\/p>\n","protected":false},"excerpt":{"rendered":"<p>Kahramanmara\u015f\u2019\u0131n Pazarc\u0131k ve Elbistan il\u00e7eleri merkezli olarak ya\u015fanan ve pek \u00e7ok ilimizi etkileyen deprem felaketi sonras\u0131 depremden etkilenen vatanda\u015flar\u0131m\u0131za destek olmak amac\u0131yla Tokat Gaziosman Pa\u015fa \u00dcniversitesi taraf\u0131ndan yard\u0131m ekipleri, g\u0131da ve k\u0131yafet malzemeleri deprem b\u00f6lgelerine sevk edilmeye devam ediyor.Bu kapsamda d\u00f6rd\u00fcnc\u00fc yard\u0131m arac\u0131 yola \u00e7\u0131kt\u0131. Rekt\u00f6rl\u00fck \u00f6n\u00fcnde yap\u0131lan t\u00f6rene Rekt\u00f6r Prof. Dr. Fatih Y\u0131lmaz, Rekt\u00f6r [&hellip;]<\/p>\n","protected":false},"author":2,"featured_media":734,"comment_status":"open","ping_status":"open","sticky":false,"template":"","format":"standard","meta":{"footnotes":""},"categories":[1],"tags":[],"class_list":["post-733","post","type-post","status-publish","format-standard","has-post-thumbnail","hentry","category-turhal-haberleri"],"_links":{"self":[{"href":"https:\/\/www.turhalhakimiyet.com\/index.php\/wp-json\/wp\/v2\/posts\/733","targetHints":{"allow":["GET"]}}],"collection":[{"href":"https:\/\/www.turhalhakimiyet.com\/index.php\/wp-json\/wp\/v2\/posts"}],"about":[{"href":"https:\/\/www.turhalhakimiyet.com\/index.php\/wp-json\/wp\/v2\/types\/post"}],"author":[{"embeddable":true,"href":"https:\/\/www.turhalhakimiyet.com\/index.php\/wp-json\/wp\/v2\/users\/2"}],"replies":[{"embeddable":true,"href":"https:\/\/www.turhalhakimiyet.com\/index.php\/wp-json\/wp\/v2\/comments?post=733"}],"version-history":[{"count":1,"href":"https:\/\/www.turhalhakimiyet.com\/index.php\/wp-json\/wp\/v2\/posts\/733\/revisions"}],"predecessor-version":[{"id":735,"href":"https:\/\/www.turhalhakimiyet.com\/index.php\/wp-json\/wp\/v2\/posts\/733\/revisions\/735"}],"wp:featuredmedia":[{"embeddable":true,"href":"https:\/\/www.turhalhakimiyet.com\/index.php\/wp-json\/wp\/v2\/media\/734"}],"wp:attachment":[{"href":"https:\/\/www.turhalhakimiyet.com\/index.php\/wp-json\/wp\/v2\/media?parent=733"}],"wp:term":[{"taxonomy":"category","embeddable":true,"href":"https:\/\/www.turhalhakimiyet.com\/index.php\/wp-json\/wp\/v2\/categories?post=733"},{"taxonomy":"post_tag","embeddable":true,"href":"https:\/\/www.turhalhakimiyet.com\/index.php\/wp-json\/wp\/v2\/tags?post=733"}],"curies":[{"name":"wp","href":"https:\/\/api.w.org\/{rel}","templated":true}]}}