{"id":739,"date":"2023-02-20T09:57:16","date_gmt":"2023-02-20T06:57:16","guid":{"rendered":"https:\/\/www.turhalhakimiyet.com\/?p=739"},"modified":"2023-02-20T09:57:16","modified_gmt":"2023-02-20T06:57:16","slug":"astsubay-ile-oldurdugu-4-kisinin-cenazeleri-topraga-verildi","status":"publish","type":"post","link":"https:\/\/www.turhalhakimiyet.com\/index.php\/astsubay-ile-oldurdugu-4-kisinin-cenazeleri-topraga-verildi\/","title":{"rendered":"Astsubay ile \u00f6ld\u00fcrd\u00fc\u011f\u00fc 4 ki\u015finin cenazeleri topra\u011fa verildi"},"content":{"rendered":"\n<h3 class=\"wp-block-heading\">Ankara\u2019da ya\u015fanan cinnet olay\u0131nda \u00f6ld\u00fcr\u00fclen 4 ki\u015fi ile cinnet getiren astsubay\u0131n cenazeleri Tokat\u2019ta topra\u011fa verildi.<\/h3>\n\n\n\n<p>Ankara&#8217;da ya\u015fanan cinnet olay\u0131nda \u00f6ld\u00fcr\u00fclen 4 ki\u015fi ile cinnet getiren astsubay\u0131n cenazeleri Tokat&#8217;ta topra\u011fa verildi.<\/p>\n\n\n\n<p>Edinilen bilgiye g\u00f6re, Ankara&#8217;da Havac\u0131 Astsubay Barbaros Ulusoy (50), bo\u015fanma a\u015famas\u0131nda olan e\u015fi Filiz Ulusoy (46), k\u0131z\u0131 Melis (23) ve kay\u0131nbiraderi Ediz Ulusoy (47) ile Ediz Ulusoy&#8217;un o\u011flu Erdem Ulusoy&#8217;u (20) beylik tabancas\u0131 ile vurarak \u00f6ld\u00fcrd\u00fckten sonra kendi hayat\u0131na son verdi. Ankara&#8217;da otopsi i\u015flemleri tamamlanan 5 ki\u015finin cenazeleri, memleketleri Tokat&#8217;\u0131n Zile il\u00e7esine g\u00f6nderildi. Cemevinde k\u0131l\u0131nan cenaze namaz\u0131na \u00e7ok say\u0131da vatanda\u015f kat\u0131ld\u0131. 4 ki\u015finin cenazeleri, k\u0131l\u0131nan cenaze namaz\u0131n\u0131n ard\u0131ndan A\u011fbaba Mezarl\u0131\u011f\u0131&#8217;nda topra\u011fa verildi. Barbaros Ulusoy&#8217;un cenazesi ise Kargap\u0131nar Cemevi&#8217;nde k\u0131l\u0131nan cenaze namaz\u0131n\u0131n ard\u0131ndan topra\u011fa verildi.<\/p>\n","protected":false},"excerpt":{"rendered":"<p>Ankara\u2019da ya\u015fanan cinnet olay\u0131nda \u00f6ld\u00fcr\u00fclen 4 ki\u015fi ile cinnet getiren astsubay\u0131n cenazeleri Tokat\u2019ta topra\u011fa verildi. Ankara&#8217;da ya\u015fanan cinnet olay\u0131nda \u00f6ld\u00fcr\u00fclen 4 ki\u015fi ile cinnet getiren astsubay\u0131n cenazeleri Tokat&#8217;ta topra\u011fa verildi. Edinilen bilgiye g\u00f6re, Ankara&#8217;da Havac\u0131 Astsubay Barbaros Ulusoy (50), bo\u015fanma a\u015famas\u0131nda olan e\u015fi Filiz Ulusoy (46), k\u0131z\u0131 Melis (23) ve kay\u0131nbiraderi Ediz Ulusoy (47) ile [&hellip;]<\/p>\n","protected":false},"author":2,"featured_media":740,"comment_status":"open","ping_status":"open","sticky":false,"template":"","format":"standard","meta":{"footnotes":""},"categories":[1],"tags":[],"class_list":["post-739","post","type-post","status-publish","format-standard","has-post-thumbnail","hentry","category-turhal-haberleri"],"_links":{"self":[{"href":"https:\/\/www.turhalhakimiyet.com\/index.php\/wp-json\/wp\/v2\/posts\/739","targetHints":{"allow":["GET"]}}],"collection":[{"href":"https:\/\/www.turhalhakimiyet.com\/index.php\/wp-json\/wp\/v2\/posts"}],"about":[{"href":"https:\/\/www.turhalhakimiyet.com\/index.php\/wp-json\/wp\/v2\/types\/post"}],"author":[{"embeddable":true,"href":"https:\/\/www.turhalhakimiyet.com\/index.php\/wp-json\/wp\/v2\/users\/2"}],"replies":[{"embeddable":true,"href":"https:\/\/www.turhalhakimiyet.com\/index.php\/wp-json\/wp\/v2\/comments?post=739"}],"version-history":[{"count":1,"href":"https:\/\/www.turhalhakimiyet.com\/index.php\/wp-json\/wp\/v2\/posts\/739\/revisions"}],"predecessor-version":[{"id":741,"href":"https:\/\/www.turhalhakimiyet.com\/index.php\/wp-json\/wp\/v2\/posts\/739\/revisions\/741"}],"wp:featuredmedia":[{"embeddable":true,"href":"https:\/\/www.turhalhakimiyet.com\/index.php\/wp-json\/wp\/v2\/media\/740"}],"wp:attachment":[{"href":"https:\/\/www.turhalhakimiyet.com\/index.php\/wp-json\/wp\/v2\/media?parent=739"}],"wp:term":[{"taxonomy":"category","embeddable":true,"href":"https:\/\/www.turhalhakimiyet.com\/index.php\/wp-json\/wp\/v2\/categories?post=739"},{"taxonomy":"post_tag","embeddable":true,"href":"https:\/\/www.turhalhakimiyet.com\/index.php\/wp-json\/wp\/v2\/tags?post=739"}],"curies":[{"name":"wp","href":"https:\/\/api.w.org\/{rel}","templated":true}]}}