{"id":742,"date":"2023-02-20T10:07:27","date_gmt":"2023-02-20T07:07:27","guid":{"rendered":"https:\/\/www.turhalhakimiyet.com\/?p=742"},"modified":"2023-02-20T10:07:27","modified_gmt":"2023-02-20T07:07:27","slug":"tokat-depremin-yaralarini-sarmak-icin-golbasida","status":"publish","type":"post","link":"https:\/\/www.turhalhakimiyet.com\/index.php\/tokat-depremin-yaralarini-sarmak-icin-golbasida\/","title":{"rendered":"TOKAT, DEPREM\u0130N YARALARINI SARMAK \u0130\u00c7\u0130N G\u00d6LBA\u015eI\u2019DA"},"content":{"rendered":"\n<p>Tokat Belediye Ba\u015fkan\u0131 Ey\u00fcp Ero\u011flu, Ad\u0131yaman G\u00f6lba\u015f\u0131\u2019nda depremin ilk g\u00fcn\u00fcnden itibaren ya\u015fananlar ve yap\u0131lan \u00e7al\u0131\u015fmalar ile ilgili a\u00e7\u0131klamalarda bulundu.<\/p>\n\n\n\n<p>Depremin \u00fczerinden ge\u00e7en 12 g\u00fcnde depremin en \u00e7ok etkiledi\u011fi yerle\u015fim yerlerinden biri olan Ad\u0131yaman G\u00f6lba\u015f\u0131\u2019nda yap\u0131lan \u00e7al\u0131\u015fmalar ile ilgili kat\u0131ld\u0131\u011f\u0131 canl\u0131 yay\u0131nda a\u00e7\u0131klamalarda bulunan Tokat Belediye Ba\u015fkan\u0131 Ey\u00fcp Ero\u011flu \u201c Biz Ad\u0131yaman G\u00f6lba\u015f\u0131\u2019nday\u0131z. Buras\u0131 toplam 50 bin n\u00fcfusa sahip olan bir il\u00e7e. Merkezinde ise depremden \u00f6nce 34 bin civar\u0131nda insan\u0131m\u0131z ya\u015f\u0131yordu. Tokat Valimiz Numan Hatipo\u011flu burada koordinasyonun ba\u015f yetkilisi olarak g\u00f6rev yap\u0131yor. Bizler de hem belediyemiz hem de kurumlar\u0131m\u0131z olarak buraday\u0131z\u201d dedi.<\/p>\n\n\n\n<p><strong>G\u00f6lba\u015f\u0131\u2019nda arama kurtarma \u00e7al\u0131\u015fmalar\u0131nda \u00fc\u00e7 y\u00fcz\u00fcn \u00fczerinde insan\u0131m\u0131z kurtar\u0131ld\u0131<\/strong><\/p>\n\n\n\n<p>\u0130l\u00e7ede yap\u0131lan \u00e7al\u0131\u015fmalar\u0131n ilk a\u015famas\u0131n\u0131n arama kurtarma \u00e7al\u0131\u015fmalar\u0131 oldu\u011funu dile getiren Tokat Belediye Ba\u015fkan\u0131 Ey\u00fcp Ero\u011flu \u201c Arama kurtarma ekiplerimizin \u00e7al\u0131\u015fmas\u0131 ile \u00fc\u00e7 y\u00fcz\u00fcn \u00fczerinde insan\u0131m\u0131z kurtar\u0131ld\u0131. Burada depremde \u015fu ana kadar 409 insan\u0131m\u0131z\u0131 kaybetti\u011fimizi \u00fcz\u00fclerek belirtmek istiyorum. G\u00f6lba\u015f\u0131\u2019nda k\u00f6yleri d\u00e2hil be\u015f y\u00fcze yak\u0131n bina y\u0131k\u0131ld\u0131. \u0130ki g\u00fcn \u00f6nce arama kurtarma \u00e7al\u0131\u015fmalar\u0131 sona erdi. Son birka\u00e7 g\u00fcnd\u00fcr \u00c7evre ve \u015eehircilik Bakanl\u0131\u011f\u0131m\u0131zdan m\u00fchendislerimiz binalarda hasar tespit \u00e7al\u0131\u015fmalar\u0131 yap\u0131yorlar. Hasars\u0131z, az hasarl\u0131 ve a\u011f\u0131r hasarl\u0131 binalar\u0131n tespitleri yap\u0131l\u0131yor. Bu tespit \u00e7al\u0131\u015fmalar\u0131n\u0131n da \u00fc\u00e7 ya da d\u00f6rt g\u00fcn i\u00e7erisinde tamamlanmas\u0131n\u0131 bekliyoruz\u201d dedi.<\/p>\n\n\n\n<p><strong>G\u00f6lba\u015f\u0131 \u015fehrin birka\u00e7 kilometre uza\u011f\u0131na ta\u015f\u0131nacak<\/strong><\/p>\n\n\n\n<p>Hasar tespit \u00e7al\u0131\u015fmalar\u0131n\u0131n tamamlanmas\u0131n\u0131n ard\u0131ndan hasarl\u0131 binalar\u0131n y\u0131k\u0131m\u0131na ba\u015flanaca\u011f\u0131n\u0131 ifade eden Belediye Ba\u015fkan\u0131 Ey\u00fcp Ero\u011flu \u201cKendi \u00f6ng\u00f6r\u00fcm olarak G\u00f6lba\u015f\u0131\u2019ndaki bina say\u0131s\u0131n\u0131n \u00fc\u00e7te iki oran\u0131ndaki k\u0131sm\u0131n\u0131n y\u0131k\u0131laca\u011f\u0131n\u0131 s\u00f6yleyebilirim. \u00dc\u00e7te ikilik k\u0131sm\u0131n yani yakla\u015f\u0131k y\u00fczde yetmi\u015flik k\u0131sm\u0131n\u0131n yeniden in\u015fa edilece\u011fini d\u00fc\u015f\u00fcn\u00fcyorum. Ge\u00e7ti\u011fimiz buraya \u00c7evre ve \u015eehircilik Bakan\u0131m\u0131z Murat Kurum geldi. Onlar\u0131n da de\u011ferlendirmesi burada ba\u015fka bir alanda yeni bir \u015fehir kurulacak. Y\u0131k\u0131lan binalar\u0131n bulundu\u011fu zeminlerdeki deprem sebebiyle olu\u015fmu\u015f bozulmalardan, g\u00fcvenli olmad\u0131\u011f\u0131ndan dolay\u0131 burada bina yap\u0131lmayacak. Zemini daha iyi olan \u015fu anki yerle\u015fim yerinin birka\u00e7 kilometre uza\u011f\u0131nda yeni bir \u015fehir kurulacak. \u0130lk tespitlere g\u00f6re \u00f6yle \u00f6ng\u00f6r\u00fcyoruz ki yeni yerle\u015fim yerinde 5 bin civar\u0131nda yeni konut yap\u0131lacak. Bu \u00e7al\u0131\u015fmalarda in\u015fallah \u00e7ok k\u0131sa s\u00fcre i\u00e7erisinde ba\u015flam\u0131\u015f olacak\u201d dedi.<\/p>\n\n\n\n<p><strong>\u00d6ncelikli ihtiya\u00e7lar g\u0131da, un, \u00e7ocuk bezi, temizlik \u00fcr\u00fcnleri ve \u00e7ama\u015f\u0131r<\/strong><\/p>\n\n\n\n<p>\u0130lk g\u00fcnden itibaren g\u0131da, giyecek, battaniye, \u0131s\u0131t\u0131c\u0131 ve yakacak odun bak\u0131m\u0131ndan \u00e7ok ciddi oranda yard\u0131mlar geldi\u011fine de\u011finen Ba\u015fkan Ero\u011flu \u201cGelen g\u0131da yard\u0131mlar\u0131n\u0131n t\u00fckenmek \u00fczere oldu\u011funu g\u00f6r\u00fcyoruz. Bunlara yeniden ihtiyac\u0131m\u0131z olacak. \u00c7e\u015fitli kuru g\u0131dalara, ay\u00e7i\u00e7e\u011fi ya\u011f\u0131na ihtiya\u00e7 olacak. Un ihtiyac\u0131 da olacak. Burada ekmek fabrikalar\u0131 bulunuyor. Onlardan bir tanesini faaliyete ge\u00e7irece\u011fiz. \u00d6zellikle belirtmek istiyorum. \u015eu anda \u0131s\u0131t\u0131c\u0131, yakacak odun ve k\u00f6m\u00fcr ihtiyac\u0131m\u0131z yok. Temizlik maddeleri, i\u00e7 \u00e7ama\u015f\u0131r gibi ihtiya\u00e7lar var. \u00c7ocuk bezine ihtiya\u00e7 var. Hem\u015ferilerimiz yard\u0131mlar konusunda belirtti\u011fimiz ihtiya\u00e7lara \u00f6ncelik vermeleri daha iyi olacakt\u0131r\u201d dedi.<\/p>\n\n\n\n<p><strong>\u0130l\u00e7enin su ihtiyac\u0131 \u015fimdilik tankerler ile sa\u011flan\u0131yor<\/strong><\/p>\n\n\n\n<p>\u0130l\u00e7ede su \u015febekesinin tamamen \u00e7\u00f6km\u00fc\u015f oldu\u011funu ifade eden Ba\u015fkan Ero\u011flu \u201cAltyap\u0131 ile ilgili \u00e7al\u0131\u015fmalar\u0131m\u0131z devam ediyor. Bir taraftan bu sorunu gidermeye \u00e7al\u0131\u015f\u0131rken di\u011fer taraftan depremzedelerin su ihtiyac\u0131n\u0131 kar\u015f\u0131lamak i\u00e7in farkl\u0131 noktalara su tankerleri koyduk. Su ihtiyac\u0131 bu \u015fekilde kar\u015f\u0131lan\u0131yor. 20 farkl\u0131 noktaya seyyar tuvaletler koyduk. Bu ba\u011flamdaki ihtiya\u00e7lar kar\u015f\u0131lan\u0131yor. Y\u0131kanma ihtiyac\u0131n\u0131n kar\u015f\u0131lanmas\u0131 i\u00e7in 70 banyo geldi. Onlar\u0131 konumland\u0131r\u0131yoruz. S\u0131cak su ihtiyac\u0131n\u0131n giderilmesi i\u00e7in de \u00e7al\u0131\u015fma yap\u0131yoruz. \u015eofbenlerin montaj\u0131yla da bu ihtiyac\u0131n giderilmesini sa\u011flayaca\u011f\u0131z\u201d diye konu\u015ftu.<\/p>\n","protected":false},"excerpt":{"rendered":"<p>Tokat Belediye Ba\u015fkan\u0131 Ey\u00fcp Ero\u011flu, Ad\u0131yaman G\u00f6lba\u015f\u0131\u2019nda depremin ilk g\u00fcn\u00fcnden itibaren ya\u015fananlar ve yap\u0131lan \u00e7al\u0131\u015fmalar ile ilgili a\u00e7\u0131klamalarda bulundu. Depremin \u00fczerinden ge\u00e7en 12 g\u00fcnde depremin en \u00e7ok etkiledi\u011fi yerle\u015fim yerlerinden biri olan Ad\u0131yaman G\u00f6lba\u015f\u0131\u2019nda yap\u0131lan \u00e7al\u0131\u015fmalar ile ilgili kat\u0131ld\u0131\u011f\u0131 canl\u0131 yay\u0131nda a\u00e7\u0131klamalarda bulunan Tokat Belediye Ba\u015fkan\u0131 Ey\u00fcp Ero\u011flu \u201c Biz Ad\u0131yaman G\u00f6lba\u015f\u0131\u2019nday\u0131z. Buras\u0131 toplam 50 [&hellip;]<\/p>\n","protected":false},"author":2,"featured_media":743,"comment_status":"open","ping_status":"open","sticky":false,"template":"","format":"standard","meta":{"footnotes":""},"categories":[1],"tags":[],"class_list":["post-742","post","type-post","status-publish","format-standard","has-post-thumbnail","hentry","category-turhal-haberleri"],"_links":{"self":[{"href":"https:\/\/www.turhalhakimiyet.com\/index.php\/wp-json\/wp\/v2\/posts\/742","targetHints":{"allow":["GET"]}}],"collection":[{"href":"https:\/\/www.turhalhakimiyet.com\/index.php\/wp-json\/wp\/v2\/posts"}],"about":[{"href":"https:\/\/www.turhalhakimiyet.com\/index.php\/wp-json\/wp\/v2\/types\/post"}],"author":[{"embeddable":true,"href":"https:\/\/www.turhalhakimiyet.com\/index.php\/wp-json\/wp\/v2\/users\/2"}],"replies":[{"embeddable":true,"href":"https:\/\/www.turhalhakimiyet.com\/index.php\/wp-json\/wp\/v2\/comments?post=742"}],"version-history":[{"count":1,"href":"https:\/\/www.turhalhakimiyet.com\/index.php\/wp-json\/wp\/v2\/posts\/742\/revisions"}],"predecessor-version":[{"id":744,"href":"https:\/\/www.turhalhakimiyet.com\/index.php\/wp-json\/wp\/v2\/posts\/742\/revisions\/744"}],"wp:featuredmedia":[{"embeddable":true,"href":"https:\/\/www.turhalhakimiyet.com\/index.php\/wp-json\/wp\/v2\/media\/743"}],"wp:attachment":[{"href":"https:\/\/www.turhalhakimiyet.com\/index.php\/wp-json\/wp\/v2\/media?parent=742"}],"wp:term":[{"taxonomy":"category","embeddable":true,"href":"https:\/\/www.turhalhakimiyet.com\/index.php\/wp-json\/wp\/v2\/categories?post=742"},{"taxonomy":"post_tag","embeddable":true,"href":"https:\/\/www.turhalhakimiyet.com\/index.php\/wp-json\/wp\/v2\/tags?post=742"}],"curies":[{"name":"wp","href":"https:\/\/api.w.org\/{rel}","templated":true}]}}