{"id":745,"date":"2023-02-20T11:49:05","date_gmt":"2023-02-20T08:49:05","guid":{"rendered":"https:\/\/www.turhalhakimiyet.com\/?p=745"},"modified":"2023-02-20T11:49:05","modified_gmt":"2023-02-20T08:49:05","slug":"depremzede-ogrenciler-yeni-sira-arkadaslari-ile-ders-basi-yapti","status":"publish","type":"post","link":"https:\/\/www.turhalhakimiyet.com\/index.php\/depremzede-ogrenciler-yeni-sira-arkadaslari-ile-ders-basi-yapti\/","title":{"rendered":"Depremzede \u00f6\u011frenciler yeni s\u0131ra arkada\u015flar\u0131 ile ders ba\u015f\u0131 yapt\u0131"},"content":{"rendered":"\n<h3 class=\"wp-block-heading\">Depremden etkilenen illerden di\u011fer illere ta\u015f\u0131nan ailelerin \u00e7ocuklar\u0131 yeni s\u0131ra arkada\u015flar\u0131 ile ders ba\u015f\u0131 yapt\u0131.<\/h3>\n\n\n\n<p>Kahramanmara\u015f merkezli ya\u015fanan, 11 ili etkileyen depremler ve iklim \u015fartlar\u0131 nedeniyle yar\u0131y\u0131l tatilinin ard\u0131ndan e\u011fitim-\u00f6\u011fretim faaliyetleri ba\u015flad\u0131. Tokat&#8217;a, deprem b\u00f6lgesindeki illerden nakil olan 820 \u00f6\u011frenci ikinci yar\u0131y\u0131l e\u011fitim ve \u00f6\u011fretime ba\u015flad\u0131. Tokat il genelinde ise 579 okulda, yakla\u015f\u0131k 102 bin \u00f6\u011frenci ders ba\u015f\u0131 yapt\u0131. Yunus Emre \u0130lkokulu bah\u00e7esinde \u0130stiklal mar\u015f\u0131n\u0131 okuyan \u00f6\u011frenciler yeni s\u0131ra arkada\u015flar\u0131 ile s\u0131n\u0131flar\u0131na \u00e7\u0131kt\u0131. Depremzede ailelerde \u00e7ocuklar\u0131n\u0131n yan\u0131nda olarak destek verdi.<\/p>\n\n\n\n<p>\u201cZor bir s\u00fcre\u00e7ten ge\u00e7iyoruz\u201d<\/p>\n\n\n\n<p>Kahramanmara\u015f&#8217;ta depreme yakalanan Emre Uysal, binalar\u0131 hasar g\u00f6rmese de devam eden art\u00e7\u0131 sars\u0131nt\u0131lar nedeni ile memleketi Tokat&#8217;a d\u00f6nmek durumda kald\u0131\u011f\u0131n\u0131 s\u00f6yledi. \u00c7ocu\u011funu ders ba\u015f\u0131 yapt\u0131\u011f\u0131 okulda e\u015fi ile birlikte g\u00f6t\u00fcren Uysal, farkl\u0131 duygular i\u00e7inde olduklar\u0131n\u0131 belirterek, \u201cZor bir s\u00fcre\u00e7ten ge\u00e7iyoruz. \u00dclkemiz in\u015fallah bir daha b\u00f6yle g\u00fcnler ya\u015famas\u0131n. Hepimiz etkilendik \u00e7ocukta \u00e7ok etkilendi. Biraz yan\u0131nda dural\u0131m diye okulda bekliyoruz. 3,5 y\u0131ld\u0131r e\u011fitim g\u00f6rd\u00fc\u011f\u00fc okuldan ayr\u0131 bir s\u0131n\u0131fa geldi\u011fi i\u00e7in yabanc\u0131l\u0131k \u00e7ekiyor. O nedenle bizde al\u0131\u015fmas\u0131 i\u00e7in destek olmaya \u00e7al\u0131\u015f\u0131yoruz\u201d dedi.<\/p>\n\n\n\n<p>\u201c\u015euanda okulda \u00f6\u011frencilerimle olmak isterdim\u201d<\/p>\n\n\n\n<p>Kahramanmara\u015f&#8217;ta \u00f6\u011fretmen olarak g\u00f6rev yapt\u0131\u011f\u0131n\u0131 ifade eden Uysal, \u201cBizlerde bulundu\u011fumuz illerde g\u00f6revimizi devam etmek istiyoruz. Yar\u0131n bu durum belli olacak. Bakal\u0131m devletimiz uygun bir g\u00f6rev verecektir. \u00d6\u011fretmenim, \u015fuanda okulda \u00f6\u011frencilerimle olmak isterdim\u201d diye konu\u015ftu.<\/p>\n","protected":false},"excerpt":{"rendered":"<p>Depremden etkilenen illerden di\u011fer illere ta\u015f\u0131nan ailelerin \u00e7ocuklar\u0131 yeni s\u0131ra arkada\u015flar\u0131 ile ders ba\u015f\u0131 yapt\u0131. Kahramanmara\u015f merkezli ya\u015fanan, 11 ili etkileyen depremler ve iklim \u015fartlar\u0131 nedeniyle yar\u0131y\u0131l tatilinin ard\u0131ndan e\u011fitim-\u00f6\u011fretim faaliyetleri ba\u015flad\u0131. Tokat&#8217;a, deprem b\u00f6lgesindeki illerden nakil olan 820 \u00f6\u011frenci ikinci yar\u0131y\u0131l e\u011fitim ve \u00f6\u011fretime ba\u015flad\u0131. Tokat il genelinde ise 579 okulda, yakla\u015f\u0131k 102 bin [&hellip;]<\/p>\n","protected":false},"author":2,"featured_media":746,"comment_status":"open","ping_status":"open","sticky":false,"template":"","format":"standard","meta":{"footnotes":""},"categories":[1],"tags":[],"class_list":["post-745","post","type-post","status-publish","format-standard","has-post-thumbnail","hentry","category-turhal-haberleri"],"_links":{"self":[{"href":"https:\/\/www.turhalhakimiyet.com\/index.php\/wp-json\/wp\/v2\/posts\/745","targetHints":{"allow":["GET"]}}],"collection":[{"href":"https:\/\/www.turhalhakimiyet.com\/index.php\/wp-json\/wp\/v2\/posts"}],"about":[{"href":"https:\/\/www.turhalhakimiyet.com\/index.php\/wp-json\/wp\/v2\/types\/post"}],"author":[{"embeddable":true,"href":"https:\/\/www.turhalhakimiyet.com\/index.php\/wp-json\/wp\/v2\/users\/2"}],"replies":[{"embeddable":true,"href":"https:\/\/www.turhalhakimiyet.com\/index.php\/wp-json\/wp\/v2\/comments?post=745"}],"version-history":[{"count":1,"href":"https:\/\/www.turhalhakimiyet.com\/index.php\/wp-json\/wp\/v2\/posts\/745\/revisions"}],"predecessor-version":[{"id":747,"href":"https:\/\/www.turhalhakimiyet.com\/index.php\/wp-json\/wp\/v2\/posts\/745\/revisions\/747"}],"wp:featuredmedia":[{"embeddable":true,"href":"https:\/\/www.turhalhakimiyet.com\/index.php\/wp-json\/wp\/v2\/media\/746"}],"wp:attachment":[{"href":"https:\/\/www.turhalhakimiyet.com\/index.php\/wp-json\/wp\/v2\/media?parent=745"}],"wp:term":[{"taxonomy":"category","embeddable":true,"href":"https:\/\/www.turhalhakimiyet.com\/index.php\/wp-json\/wp\/v2\/categories?post=745"},{"taxonomy":"post_tag","embeddable":true,"href":"https:\/\/www.turhalhakimiyet.com\/index.php\/wp-json\/wp\/v2\/tags?post=745"}],"curies":[{"name":"wp","href":"https:\/\/api.w.org\/{rel}","templated":true}]}}