{"id":751,"date":"2023-02-20T13:08:49","date_gmt":"2023-02-20T10:08:49","guid":{"rendered":"https:\/\/www.turhalhakimiyet.com\/?p=751"},"modified":"2023-02-20T13:08:49","modified_gmt":"2023-02-20T10:08:49","slug":"universite-hastanesinde-afet-ve-travma-poliklinigi-hizmete-acildi","status":"publish","type":"post","link":"https:\/\/www.turhalhakimiyet.com\/index.php\/universite-hastanesinde-afet-ve-travma-poliklinigi-hizmete-acildi\/","title":{"rendered":"\u00dcniversite Hastanesinde Afet ve Travma Poliklini\u011fi Hizmete A\u00e7\u0131ld\u0131"},"content":{"rendered":"\n<p>Kahramanmara\u015f\u2019\u0131n Pazarc\u0131k ve Elbistan il\u00e7eleri merkezli olarak ya\u015fanan ve 10 ilimizi etkileyen deprem felaketi sonras\u0131 Tokat\u2019a gelen afetzede vatanda\u015flar\u0131m\u0131z i\u00e7in \u00dcniversite Hastanesi taraf\u0131ndan Afet ve Travma Poliklini\u011fi Hizmete a\u00e7\u0131ld\u0131. Rekt\u00f6r\u00fcm\u00fcz Prof. Dr. Fatih YILMAZ\u2019\u0131n giri\u015fimleri ile olu\u015fturulan poliklinik hizmeti ile afetzede vatanda\u015flar\u0131m\u0131za psikolojik destek sa\u011flanacak.<\/p>\n\n\n\n<p>Ruh Sa\u011fl\u0131\u011f\u0131 ve Hastal\u0131klar\u0131 Anabilim Dal\u0131ndan Dr. Esma Akp\u0131nar Aslan yapm\u0131\u015f oldu\u011fu a\u00e7\u0131klamada \u00e7ok b\u00fcy\u00fck bir do\u011fal afetle kar\u015f\u0131 kar\u015f\u0131ya oldu\u011fumuzu belirterek bu s\u00fcre\u00e7te ruhsal olarak deste\u011fe ihtiyac\u0131 olan vatanda\u015flar i\u00e7in \u00dcniversite Hastanemiz b\u00fcnyesinde poliklinik hizmeti verilmeye ba\u015fland\u0131\u011f\u0131n\u0131 ifade etti. Destek almak isteyen vatanda\u015flar\u0131n randevu almadan poliklinik hizmetinden faydalanaca\u011f\u0131n\u0131 belirten Dr. Akp\u0131nar Aslan, bu s\u00fcre\u00e7te profesyonel deste\u011fin \u00f6nemine i\u015faret etti.<\/p>\n","protected":false},"excerpt":{"rendered":"<p>Kahramanmara\u015f\u2019\u0131n Pazarc\u0131k ve Elbistan il\u00e7eleri merkezli olarak ya\u015fanan ve 10 ilimizi etkileyen deprem felaketi sonras\u0131 Tokat\u2019a gelen afetzede vatanda\u015flar\u0131m\u0131z i\u00e7in \u00dcniversite Hastanesi taraf\u0131ndan Afet ve Travma Poliklini\u011fi Hizmete a\u00e7\u0131ld\u0131. Rekt\u00f6r\u00fcm\u00fcz Prof. Dr. Fatih YILMAZ\u2019\u0131n giri\u015fimleri ile olu\u015fturulan poliklinik hizmeti ile afetzede vatanda\u015flar\u0131m\u0131za psikolojik destek sa\u011flanacak. Ruh Sa\u011fl\u0131\u011f\u0131 ve Hastal\u0131klar\u0131 Anabilim Dal\u0131ndan Dr. Esma Akp\u0131nar Aslan [&hellip;]<\/p>\n","protected":false},"author":2,"featured_media":752,"comment_status":"open","ping_status":"open","sticky":false,"template":"","format":"standard","meta":{"footnotes":""},"categories":[1],"tags":[],"class_list":["post-751","post","type-post","status-publish","format-standard","has-post-thumbnail","hentry","category-turhal-haberleri"],"_links":{"self":[{"href":"https:\/\/www.turhalhakimiyet.com\/index.php\/wp-json\/wp\/v2\/posts\/751","targetHints":{"allow":["GET"]}}],"collection":[{"href":"https:\/\/www.turhalhakimiyet.com\/index.php\/wp-json\/wp\/v2\/posts"}],"about":[{"href":"https:\/\/www.turhalhakimiyet.com\/index.php\/wp-json\/wp\/v2\/types\/post"}],"author":[{"embeddable":true,"href":"https:\/\/www.turhalhakimiyet.com\/index.php\/wp-json\/wp\/v2\/users\/2"}],"replies":[{"embeddable":true,"href":"https:\/\/www.turhalhakimiyet.com\/index.php\/wp-json\/wp\/v2\/comments?post=751"}],"version-history":[{"count":1,"href":"https:\/\/www.turhalhakimiyet.com\/index.php\/wp-json\/wp\/v2\/posts\/751\/revisions"}],"predecessor-version":[{"id":753,"href":"https:\/\/www.turhalhakimiyet.com\/index.php\/wp-json\/wp\/v2\/posts\/751\/revisions\/753"}],"wp:featuredmedia":[{"embeddable":true,"href":"https:\/\/www.turhalhakimiyet.com\/index.php\/wp-json\/wp\/v2\/media\/752"}],"wp:attachment":[{"href":"https:\/\/www.turhalhakimiyet.com\/index.php\/wp-json\/wp\/v2\/media?parent=751"}],"wp:term":[{"taxonomy":"category","embeddable":true,"href":"https:\/\/www.turhalhakimiyet.com\/index.php\/wp-json\/wp\/v2\/categories?post=751"},{"taxonomy":"post_tag","embeddable":true,"href":"https:\/\/www.turhalhakimiyet.com\/index.php\/wp-json\/wp\/v2\/tags?post=751"}],"curies":[{"name":"wp","href":"https:\/\/api.w.org\/{rel}","templated":true}]}}