{"id":782,"date":"2023-02-24T09:48:43","date_gmt":"2023-02-24T06:48:43","guid":{"rendered":"https:\/\/www.turhalhakimiyet.com\/?p=782"},"modified":"2023-02-24T09:48:43","modified_gmt":"2023-02-24T06:48:43","slug":"dogalgazi-acmak-icin-eve-girdi-depremden-kacarken-canindan-oluyordu","status":"publish","type":"post","link":"https:\/\/www.turhalhakimiyet.com\/index.php\/dogalgazi-acmak-icin-eve-girdi-depremden-kacarken-canindan-oluyordu\/","title":{"rendered":"Do\u011falgaz\u0131 a\u00e7mak i\u00e7in eve girdi, depremden ka\u00e7arken can\u0131ndan oluyordu"},"content":{"rendered":"\n<h3 class=\"wp-block-heading\">Kahramanmara\u015f\u2019ta do\u011falgaz\u0131 a\u00e7mak i\u00e7in girdi\u011fi evde depreme yakalanan s\u0131hhi tesisat\u00e7\u0131 ikinci b\u00fcy\u00fck depremden ka\u00e7arken can\u0131ndan oluyordu.<\/h3>\n\n\n\n<p>Kahramanmara\u015f&#8217;ta do\u011falgaz\u0131 a\u00e7mak i\u00e7in girdi\u011fi evde depreme yakalanan s\u0131hhi tesisat\u00e7\u0131 ikinci b\u00fcy\u00fck depremden ka\u00e7arken can\u0131ndan oluyordu.<\/p>\n\n\n\n<p>Kahramanmara\u015f Elbistan il\u00e7esinde s\u0131hhi tesisat ustas\u0131 H\u00fcseyin Mollaahmeto\u011flu, ikinci b\u00fcy\u00fck depreme do\u011falgaz vanas\u0131n\u0131 a\u00e7mak i\u00e7in eve girdi\u011finde yakaland\u0131. Korkudan binan\u0131n birinci kat\u0131ndan a\u015fa\u011f\u0131 atlayan \u015fah\u0131s yaraland\u0131. Sa\u011fl\u0131k ekipleri taraf\u0131ndan Elbistan Devlet Hastanesine sevk edilen \u015fah\u0131s ilk tedavisinin ard\u0131ndan ameliyat i\u015flemleri i\u00e7in Tokat Gaziosmanpa\u015fa \u00dcniversitesi Hastanesine g\u00f6nderildi. Ya\u015fad\u0131\u011f\u0131 korku dolu anlar\u0131 anlatan Mollaahmeto\u011flu, Kahramanmara\u015f merkezli 7,7&#8217;lik depreme bir yere ka\u00e7amad\u0131klar\u0131n\u0131 s\u00f6yledi.<\/p>\n\n\n\n<p>&#8220;Sanki binan\u0131n alt\u0131nda bomba patlam\u0131\u015f gibi k\u00fct\u00fcr k\u00fct\u00fcr diye bir ses geldi&#8221;<\/p>\n\n\n\n<p>Sars\u0131nt\u0131n\u0131n ard\u0131ndan evden \u00e7\u0131kabildiklerini ifade eden Mollaahmeto\u011flu, \u201c\u00c7ocuklar\u0131, e\u015fimi karde\u015fimin evine g\u00f6t\u00fcrd\u00fcm. Onun evinde hasar yoktu. Orada biraz sabah ayd\u0131nlanana kadar \u00e7ocuklar durdu. Ben Elbistan&#8217;da \u00fc\u00e7 tane bina y\u0131k\u0131lm\u0131\u015ft\u0131 yard\u0131m ederim diye onlar\u0131 kontrol etmeye gittim. Kalabal\u0131k nedeniyle yard\u0131m edemedim. Alt kattaki bir kom\u015fum gidecek yeri olmad\u0131\u011f\u0131n\u0131, depremin ge\u00e7ti\u011fi belirterek do\u011fal gaz\u0131 a\u00e7mam\u0131 istedi. Deprem vanas\u0131 kapatt\u0131\u011f\u0131ndan dolay\u0131 evin i\u00e7indeki vanay\u0131 a\u00e7maya girdi\u011fimde deprem tekrarlad\u0131. \u00c7ok \u015fiddetli bir \u015fekilde deprem oldu. Adeta sanki binan\u0131n alt\u0131nda bomba patlam\u0131\u015f gibi k\u00fct\u00fcr k\u00fct\u00fcr diye bir ses geldi. O s\u0131rada ben ko\u015farak binan\u0131n \u00f6n\u00fcndeki cam balkondan d\u00fckkan\u0131n \u00fcst\u00fcne atlad\u0131m. D\u00fckkan\u0131n \u00fcst\u00fcnden de yakla\u015f\u0131k 15 metre kadar uzakl\u0131ktaki kald\u0131r\u0131ma belki bina \u00fczerime devrilir diye d\u00fc\u015f\u00fcnerek atlad\u0131m. O s\u0131rada topuklar\u0131m k\u0131r\u0131lm\u0131\u015ft\u0131. Tekrar deprem yine tekrarlamaya ba\u015flad\u0131. S\u00fcr\u00fcnerekten biraz daha ileriye gittim. 10-15 metre kadar da s\u00fcr\u00fcnerek ilerledim. Sa\u011f\u0131ma soluma bakt\u0131m ki binalar y\u0131k\u0131lmaya ba\u015flad\u0131. Ama bizim bina y\u0131k\u0131lmam\u0131\u015ft\u0131. Benden sonra evdeki kom\u015fum atlayacakt\u0131, korktu, atlayamad\u0131. Depremin durmas\u0131n\u0131 bekledi\u201d dedi.<\/p>\n\n\n\n<p>&#8220;K\u00f6t\u00fc r\u00fcyalar g\u00f6rerek uyan\u0131yorum&#8221;<\/p>\n\n\n\n<p>Depremden psikolojisinin olumsuz etkilendi\u011fini ifade eden Mollaahmeto\u011flu \u201cYani hastanede kal\u0131rken bile devaml\u0131 gece uyurken birden bire d\u00fc\u015f\u00fcyorum. K\u00f6t\u00fc r\u00fcyalar g\u00f6rerek uyan\u0131yorum. Yani halen s\u0131k\u0131nt\u0131 \u00e7ekiyoruz psikolojik olarak. Sa\u011f olsun doktorum oradan buraya sevk etti. Topuklar\u0131ma platin tak\u0131ld\u0131. Ama \u00e7ok iki \u00fc\u00e7 g\u00fcn \u00e7ok ac\u0131 \u00e7ektim. \u00c7ok a\u011f\u0131rd\u0131 \u015eimdi biraz daha iyiyim. Allah bir daha bu ac\u0131lar\u0131 ya\u015fatmas\u0131n\u201d diye konu\u015ftu.<\/p>\n","protected":false},"excerpt":{"rendered":"<p>Kahramanmara\u015f\u2019ta do\u011falgaz\u0131 a\u00e7mak i\u00e7in girdi\u011fi evde depreme yakalanan s\u0131hhi tesisat\u00e7\u0131 ikinci b\u00fcy\u00fck depremden ka\u00e7arken can\u0131ndan oluyordu. Kahramanmara\u015f&#8217;ta do\u011falgaz\u0131 a\u00e7mak i\u00e7in girdi\u011fi evde depreme yakalanan s\u0131hhi tesisat\u00e7\u0131 ikinci b\u00fcy\u00fck depremden ka\u00e7arken can\u0131ndan oluyordu. Kahramanmara\u015f Elbistan il\u00e7esinde s\u0131hhi tesisat ustas\u0131 H\u00fcseyin Mollaahmeto\u011flu, ikinci b\u00fcy\u00fck depreme do\u011falgaz vanas\u0131n\u0131 a\u00e7mak i\u00e7in eve girdi\u011finde yakaland\u0131. Korkudan binan\u0131n birinci kat\u0131ndan a\u015fa\u011f\u0131 [&hellip;]<\/p>\n","protected":false},"author":2,"featured_media":783,"comment_status":"open","ping_status":"open","sticky":false,"template":"","format":"standard","meta":{"footnotes":""},"categories":[1],"tags":[],"class_list":["post-782","post","type-post","status-publish","format-standard","has-post-thumbnail","hentry","category-turhal-haberleri"],"_links":{"self":[{"href":"https:\/\/www.turhalhakimiyet.com\/index.php\/wp-json\/wp\/v2\/posts\/782","targetHints":{"allow":["GET"]}}],"collection":[{"href":"https:\/\/www.turhalhakimiyet.com\/index.php\/wp-json\/wp\/v2\/posts"}],"about":[{"href":"https:\/\/www.turhalhakimiyet.com\/index.php\/wp-json\/wp\/v2\/types\/post"}],"author":[{"embeddable":true,"href":"https:\/\/www.turhalhakimiyet.com\/index.php\/wp-json\/wp\/v2\/users\/2"}],"replies":[{"embeddable":true,"href":"https:\/\/www.turhalhakimiyet.com\/index.php\/wp-json\/wp\/v2\/comments?post=782"}],"version-history":[{"count":1,"href":"https:\/\/www.turhalhakimiyet.com\/index.php\/wp-json\/wp\/v2\/posts\/782\/revisions"}],"predecessor-version":[{"id":784,"href":"https:\/\/www.turhalhakimiyet.com\/index.php\/wp-json\/wp\/v2\/posts\/782\/revisions\/784"}],"wp:featuredmedia":[{"embeddable":true,"href":"https:\/\/www.turhalhakimiyet.com\/index.php\/wp-json\/wp\/v2\/media\/783"}],"wp:attachment":[{"href":"https:\/\/www.turhalhakimiyet.com\/index.php\/wp-json\/wp\/v2\/media?parent=782"}],"wp:term":[{"taxonomy":"category","embeddable":true,"href":"https:\/\/www.turhalhakimiyet.com\/index.php\/wp-json\/wp\/v2\/categories?post=782"},{"taxonomy":"post_tag","embeddable":true,"href":"https:\/\/www.turhalhakimiyet.com\/index.php\/wp-json\/wp\/v2\/tags?post=782"}],"curies":[{"name":"wp","href":"https:\/\/api.w.org\/{rel}","templated":true}]}}