{"id":787,"date":"2023-02-27T10:31:51","date_gmt":"2023-02-27T07:31:51","guid":{"rendered":"https:\/\/www.turhalhakimiyet.com\/?p=787"},"modified":"2023-02-27T10:31:51","modified_gmt":"2023-02-27T07:31:51","slug":"afet-bolgesinde-seyyar-mutfak-uygulamasi","status":"publish","type":"post","link":"https:\/\/www.turhalhakimiyet.com\/index.php\/afet-bolgesinde-seyyar-mutfak-uygulamasi\/","title":{"rendered":"Afet b\u00f6lgesinde seyyar mutfak uygulamas\u0131"},"content":{"rendered":"\n<h3 class=\"wp-block-heading\">Tokat Gaziosmanpa\u015fa \u00dcniversitesi Rekt\u00f6r\u00fc Prof.<\/h3>\n\n\n\n<p>Dr. Fatih Y\u0131lmaz, afet b\u00f6lgesinde hayat normale d\u00f6nene kadar seyyar mutfak uygulamas\u0131n\u0131n devam edece\u011fini s\u00f6yledi.<\/p>\n\n\n\n<p>Kahramanmara\u015f merkezli depremden etkilenen vatanda\u015flara destek olmak amac\u0131yla Tokat Gaziosmanpa\u015fa \u00dcniversitesi taraf\u0131ndan Ad\u0131yaman&#8217;\u0131n G\u00f6lba\u015f\u0131 il\u00e7esine seyyar mutfak ve mobil ekmek f\u0131r\u0131n g\u00f6nderildi. TOG\u00dc Rekt\u00f6r\u00fc Prof. Dr. Fatih Y\u0131lmaz, 6 \u015eubat&#8217;tan itibaren b\u00f6lgeye yard\u0131mlar g\u00f6nderildi\u011fini, b\u00f6lgede g\u00f6rev yapan teknik ekibin de haftal\u0131k olarak de\u011fi\u015ftirildi\u011fini s\u00f6yledi. Afet b\u00f6lgesinde hayat normale d\u00f6nene kadar hizmetlerin devam edece\u011fini alt\u0131n\u0131 \u00e7izen Rekt\u00f6r Y\u0131lmaz, mobil f\u0131r\u0131n\u0131n saatte 500 ekmek \u00fcretti\u011fini, mobil mutfa\u011f\u0131nda g\u00fcnl\u00fck bin ila bin 500 ki\u015filik s\u0131cak yemek pi\u015firildi\u011fini kaydetti.<\/p>\n","protected":false},"excerpt":{"rendered":"<p>Tokat Gaziosmanpa\u015fa \u00dcniversitesi Rekt\u00f6r\u00fc Prof. Dr. Fatih Y\u0131lmaz, afet b\u00f6lgesinde hayat normale d\u00f6nene kadar seyyar mutfak uygulamas\u0131n\u0131n devam edece\u011fini s\u00f6yledi. Kahramanmara\u015f merkezli depremden etkilenen vatanda\u015flara destek olmak amac\u0131yla Tokat Gaziosmanpa\u015fa \u00dcniversitesi taraf\u0131ndan Ad\u0131yaman&#8217;\u0131n G\u00f6lba\u015f\u0131 il\u00e7esine seyyar mutfak ve mobil ekmek f\u0131r\u0131n g\u00f6nderildi. TOG\u00dc Rekt\u00f6r\u00fc Prof. Dr. Fatih Y\u0131lmaz, 6 \u015eubat&#8217;tan itibaren b\u00f6lgeye yard\u0131mlar g\u00f6nderildi\u011fini, b\u00f6lgede [&hellip;]<\/p>\n","protected":false},"author":2,"featured_media":788,"comment_status":"open","ping_status":"open","sticky":false,"template":"","format":"standard","meta":{"footnotes":""},"categories":[1],"tags":[],"class_list":["post-787","post","type-post","status-publish","format-standard","has-post-thumbnail","hentry","category-turhal-haberleri"],"_links":{"self":[{"href":"https:\/\/www.turhalhakimiyet.com\/index.php\/wp-json\/wp\/v2\/posts\/787","targetHints":{"allow":["GET"]}}],"collection":[{"href":"https:\/\/www.turhalhakimiyet.com\/index.php\/wp-json\/wp\/v2\/posts"}],"about":[{"href":"https:\/\/www.turhalhakimiyet.com\/index.php\/wp-json\/wp\/v2\/types\/post"}],"author":[{"embeddable":true,"href":"https:\/\/www.turhalhakimiyet.com\/index.php\/wp-json\/wp\/v2\/users\/2"}],"replies":[{"embeddable":true,"href":"https:\/\/www.turhalhakimiyet.com\/index.php\/wp-json\/wp\/v2\/comments?post=787"}],"version-history":[{"count":1,"href":"https:\/\/www.turhalhakimiyet.com\/index.php\/wp-json\/wp\/v2\/posts\/787\/revisions"}],"predecessor-version":[{"id":789,"href":"https:\/\/www.turhalhakimiyet.com\/index.php\/wp-json\/wp\/v2\/posts\/787\/revisions\/789"}],"wp:featuredmedia":[{"embeddable":true,"href":"https:\/\/www.turhalhakimiyet.com\/index.php\/wp-json\/wp\/v2\/media\/788"}],"wp:attachment":[{"href":"https:\/\/www.turhalhakimiyet.com\/index.php\/wp-json\/wp\/v2\/media?parent=787"}],"wp:term":[{"taxonomy":"category","embeddable":true,"href":"https:\/\/www.turhalhakimiyet.com\/index.php\/wp-json\/wp\/v2\/categories?post=787"},{"taxonomy":"post_tag","embeddable":true,"href":"https:\/\/www.turhalhakimiyet.com\/index.php\/wp-json\/wp\/v2\/tags?post=787"}],"curies":[{"name":"wp","href":"https:\/\/api.w.org\/{rel}","templated":true}]}}