{"id":79,"date":"2021-03-15T15:49:31","date_gmt":"2021-03-15T12:49:31","guid":{"rendered":"http:\/\/www.turhalhakimiyet.com\/?p=79"},"modified":"2021-03-15T15:49:31","modified_gmt":"2021-03-15T12:49:31","slug":"tokatta-karantinaya-alinan-koy-sayisi-6ya-yukseldi","status":"publish","type":"post","link":"https:\/\/www.turhalhakimiyet.com\/index.php\/tokatta-karantinaya-alinan-koy-sayisi-6ya-yukseldi\/","title":{"rendered":"Tokat\u2019ta karantinaya al\u0131nan k\u00f6y say\u0131s\u0131 6\u2019ya y\u00fckseldi"},"content":{"rendered":"\n<p>Sa\u011fl\u0131k Bakanl\u0131\u011f\u0131n\u0131n verilerine g\u00f6re \u00e7ok y\u00fcksek riskli iller aras\u0131nda yer alan Tokat&#8217;ta karantinaya al\u0131nan k\u00f6y say\u0131s\u0131 6\u2019ya y\u00fckseldi.<br>Tokat&#8217;\u0131n\u00a0<strong><strong>Turhal<\/strong><\/strong>\u00a0il\u00e7esinde Umumi H\u0131fz\u0131ss\u0131hha Kanununun 27 ve 72. maddeleri kapsam\u0131nda \u015eatroba K\u00f6y\u00fc karantinaya al\u0131nd\u0131.\u00a0<strong><strong>Turhal<\/strong><\/strong>\u00a0\u0130l\u00e7e Umumi H\u0131fz\u0131ss\u0131hha Kurulu karar\u0131yla korona vir\u00fcs salg\u0131n\u0131n\u0131n kontrol\u00fcn\u00fcn sa\u011flanmas\u0131 amac\u0131yla 12 Mart 2021 Cuma g\u00fcn\u00fc saat 23.00\u2019dan itibaren 7 g\u00fcn s\u00fcre ile karantina uygulamas\u0131na karar verildi. \u015eatroba k\u00f6y\u00fcn\u00fcn karantinaya al\u0131nmas\u0131 ile birlikte il genelinde karantina uygulamas\u0131 yap\u0131lan k\u00f6y say\u0131s\u0131 6\u2019ya y\u00fckseldi. Ayr\u0131ca 3 mahalle ve 2 beldede karantina uygulamas\u0131 devam ediyor.<\/p>\n","protected":false},"excerpt":{"rendered":"<p>Sa\u011fl\u0131k Bakanl\u0131\u011f\u0131n\u0131n verilerine g\u00f6re \u00e7ok y\u00fcksek riskli iller aras\u0131nda yer alan Tokat&#8217;ta karantinaya al\u0131nan k\u00f6y say\u0131s\u0131 6\u2019ya y\u00fckseldi.Tokat&#8217;\u0131n\u00a0Turhal\u00a0il\u00e7esinde Umumi H\u0131fz\u0131ss\u0131hha Kanununun 27 ve 72. maddeleri kapsam\u0131nda \u015eatroba K\u00f6y\u00fc karantinaya al\u0131nd\u0131.\u00a0Turhal\u00a0\u0130l\u00e7e Umumi H\u0131fz\u0131ss\u0131hha Kurulu karar\u0131yla korona vir\u00fcs salg\u0131n\u0131n\u0131n kontrol\u00fcn\u00fcn sa\u011flanmas\u0131 amac\u0131yla 12 Mart 2021 Cuma g\u00fcn\u00fc saat 23.00\u2019dan itibaren 7 g\u00fcn s\u00fcre ile karantina uygulamas\u0131na karar [&hellip;]<\/p>\n","protected":false},"author":1,"featured_media":80,"comment_status":"open","ping_status":"open","sticky":false,"template":"","format":"standard","meta":{"footnotes":""},"categories":[1],"tags":[],"class_list":["post-79","post","type-post","status-publish","format-standard","has-post-thumbnail","hentry","category-turhal-haberleri"],"_links":{"self":[{"href":"https:\/\/www.turhalhakimiyet.com\/index.php\/wp-json\/wp\/v2\/posts\/79","targetHints":{"allow":["GET"]}}],"collection":[{"href":"https:\/\/www.turhalhakimiyet.com\/index.php\/wp-json\/wp\/v2\/posts"}],"about":[{"href":"https:\/\/www.turhalhakimiyet.com\/index.php\/wp-json\/wp\/v2\/types\/post"}],"author":[{"embeddable":true,"href":"https:\/\/www.turhalhakimiyet.com\/index.php\/wp-json\/wp\/v2\/users\/1"}],"replies":[{"embeddable":true,"href":"https:\/\/www.turhalhakimiyet.com\/index.php\/wp-json\/wp\/v2\/comments?post=79"}],"version-history":[{"count":1,"href":"https:\/\/www.turhalhakimiyet.com\/index.php\/wp-json\/wp\/v2\/posts\/79\/revisions"}],"predecessor-version":[{"id":81,"href":"https:\/\/www.turhalhakimiyet.com\/index.php\/wp-json\/wp\/v2\/posts\/79\/revisions\/81"}],"wp:featuredmedia":[{"embeddable":true,"href":"https:\/\/www.turhalhakimiyet.com\/index.php\/wp-json\/wp\/v2\/media\/80"}],"wp:attachment":[{"href":"https:\/\/www.turhalhakimiyet.com\/index.php\/wp-json\/wp\/v2\/media?parent=79"}],"wp:term":[{"taxonomy":"category","embeddable":true,"href":"https:\/\/www.turhalhakimiyet.com\/index.php\/wp-json\/wp\/v2\/categories?post=79"},{"taxonomy":"post_tag","embeddable":true,"href":"https:\/\/www.turhalhakimiyet.com\/index.php\/wp-json\/wp\/v2\/tags?post=79"}],"curies":[{"name":"wp","href":"https:\/\/api.w.org\/{rel}","templated":true}]}}