{"id":790,"date":"2023-02-27T10:44:39","date_gmt":"2023-02-27T07:44:39","guid":{"rendered":"https:\/\/www.turhalhakimiyet.com\/?p=790"},"modified":"2023-02-27T10:44:39","modified_gmt":"2023-02-27T07:44:39","slug":"diyanet-isleri-baskani-erbas-adiyamanda-ziyaretlerde-bulundu","status":"publish","type":"post","link":"https:\/\/www.turhalhakimiyet.com\/index.php\/diyanet-isleri-baskani-erbas-adiyamanda-ziyaretlerde-bulundu\/","title":{"rendered":"Diyanet \u0130\u015fleri Ba\u015fkan\u0131 Erba\u015f, Ad\u0131yaman\u2019da ziyaretlerde bulundu"},"content":{"rendered":"\n<p>Diyanet \u0130\u015fleri Ba\u015fkan\u0131 Ali Erba\u015f, Ad\u0131yaman\u2019da \u00e7ad\u0131r kent ve Diyanet \u0130\u015fleri Ba\u015fkanl\u0131\u011f\u0131 Deprem Koordinasyon Merkezini ziyaret etti. Erba\u015f, Vali Hatipo\u011flu ve Ba\u015fkan Ero\u011flu&#8217;ndan bilgiler ald\u0131.<\/p>\n\n\n\n<p>Kahramanmara\u015f merkezli meydana gelen ve 11 ili etkileyen depremler\u00a0sonras\u0131 incelemelerde bulunmak \u00fczere b\u00f6lgede olan Diyanet \u0130\u015fleri\u00a0Ba\u015fkan\u0131 Prof. Dr. Ali Erba\u015f, Kahramanmara\u015f\u2019tan sonra Ad\u0131yaman\u2019a ge\u00e7ti. Ad\u0131yaman\u2019a gelirken G\u00f6lba\u015f\u0131 il\u00e7esini\u00a0ziyaret \u00a0eden Ba\u015fkan Erba\u015f, buradaki\u00a0\u00e7ad\u0131r\u00a0kentte deprem ma\u011fduru vatanda\u015flara ge\u00e7mi\u015f olsun dileklerini iletti,\u00a0<strong>Tokat<\/strong>\u00a0Valisi Numan Hatipo\u011flu ve Tokat Belediye Ba\u015fkan\u0131 Ey\u00fcp Ero\u011flu ile g\u00f6r\u00fc\u015ferek,\u00a0faaliyetleri hakk\u0131nda bilgi ald\u0131. Erba\u015f, Ad\u0131yaman \u00dcniversitesi kamp\u00fcs\u00fcndeki\u00a0spor \u00a0kompleksinde kurulan \u00e7ad\u0131r kenti ziyaret ederek, deprem ma\u011fduru vatanda\u015flara ge\u00e7mi\u015f olsun dileklerinde bulundu. Ba\u015fkan Erba\u015f, daha sonra \u00e7ad\u0131r kentte kurulan 4-6 ya\u015f Kur\u2019an kursuna ge\u00e7erek, bir s\u00fcre \u00e7ocuklarla sohbet etti.<br><br><strong>Deprem koordinasyon merkezinde incelemelerde bulundu<\/strong><br>Ad\u0131yaman \u0130l M\u00fcft\u00fcl\u00fc\u011f\u00fcne\u00a0ge\u00e7en Ba\u015fkan Erba\u015f, Diyanet \u0130\u015fleri Ba\u015fkanl\u0131\u011f\u0131 ve T\u00fcrkiye Diyanet Vakf\u0131 taraf\u0131ndan\u00a0m\u00fcft\u00fcl\u00fck \u00a0bah\u00e7esinde kurulan\u00a0Deprem Koordinasyon Merkezinde de incelemelerde bulunarak, yetkililerden \u00e7al\u0131\u015fmalar hakk\u0131nda bilgi ald\u0131.<br><br><strong>Kahta\u2019da\u00a0depremzede \u00a0vatanda\u015flar\u0131 ziyaret etti<\/strong><br>Ad\u0131yaman\u2019daki inceleme ve ziyaretler sonras\u0131nda Kahta il\u00e7esine ge\u00e7en Erba\u015f, il\u00e7e m\u00fcft\u00fcl\u00fc\u011f\u00fcne yapt\u0131\u011f\u0131 ziyaretinin ard\u0131ndan Din G\u00f6revlileri Kur\u2019an Kursu\u2019nda kalan deprem ma\u011fduru vatanda\u015flarla bir araya geldi. Ziyaretlerde Ba\u015fkan Erba\u015f\u2019a Ordu Valisi Tuncay Sonel, Diyanet \u0130\u015fleri Ba\u015fkan Yard\u0131mc\u0131lar\u0131 \u0130brahim Hilmi Karsl\u0131, Kadir Din\u00e7 ile Din Hizmetleri\u00a0Genel \u00a0M\u00fcd\u00fcr\u00fc \u015eaban Kondi de e\u015flik etti.<\/p>\n","protected":false},"excerpt":{"rendered":"<p>Diyanet \u0130\u015fleri Ba\u015fkan\u0131 Ali Erba\u015f, Ad\u0131yaman\u2019da \u00e7ad\u0131r kent ve Diyanet \u0130\u015fleri Ba\u015fkanl\u0131\u011f\u0131 Deprem Koordinasyon Merkezini ziyaret etti. Erba\u015f, Vali Hatipo\u011flu ve Ba\u015fkan Ero\u011flu&#8217;ndan bilgiler ald\u0131. Kahramanmara\u015f merkezli meydana gelen ve 11 ili etkileyen depremler\u00a0sonras\u0131 incelemelerde bulunmak \u00fczere b\u00f6lgede olan Diyanet \u0130\u015fleri\u00a0Ba\u015fkan\u0131 Prof. Dr. Ali Erba\u015f, Kahramanmara\u015f\u2019tan sonra Ad\u0131yaman\u2019a ge\u00e7ti. Ad\u0131yaman\u2019a gelirken G\u00f6lba\u015f\u0131 il\u00e7esini\u00a0ziyaret \u00a0eden Ba\u015fkan [&hellip;]<\/p>\n","protected":false},"author":2,"featured_media":793,"comment_status":"open","ping_status":"open","sticky":false,"template":"","format":"standard","meta":{"footnotes":""},"categories":[1],"tags":[],"class_list":["post-790","post","type-post","status-publish","format-standard","has-post-thumbnail","hentry","category-turhal-haberleri"],"_links":{"self":[{"href":"https:\/\/www.turhalhakimiyet.com\/index.php\/wp-json\/wp\/v2\/posts\/790","targetHints":{"allow":["GET"]}}],"collection":[{"href":"https:\/\/www.turhalhakimiyet.com\/index.php\/wp-json\/wp\/v2\/posts"}],"about":[{"href":"https:\/\/www.turhalhakimiyet.com\/index.php\/wp-json\/wp\/v2\/types\/post"}],"author":[{"embeddable":true,"href":"https:\/\/www.turhalhakimiyet.com\/index.php\/wp-json\/wp\/v2\/users\/2"}],"replies":[{"embeddable":true,"href":"https:\/\/www.turhalhakimiyet.com\/index.php\/wp-json\/wp\/v2\/comments?post=790"}],"version-history":[{"count":1,"href":"https:\/\/www.turhalhakimiyet.com\/index.php\/wp-json\/wp\/v2\/posts\/790\/revisions"}],"predecessor-version":[{"id":794,"href":"https:\/\/www.turhalhakimiyet.com\/index.php\/wp-json\/wp\/v2\/posts\/790\/revisions\/794"}],"wp:featuredmedia":[{"embeddable":true,"href":"https:\/\/www.turhalhakimiyet.com\/index.php\/wp-json\/wp\/v2\/media\/793"}],"wp:attachment":[{"href":"https:\/\/www.turhalhakimiyet.com\/index.php\/wp-json\/wp\/v2\/media?parent=790"}],"wp:term":[{"taxonomy":"category","embeddable":true,"href":"https:\/\/www.turhalhakimiyet.com\/index.php\/wp-json\/wp\/v2\/categories?post=790"},{"taxonomy":"post_tag","embeddable":true,"href":"https:\/\/www.turhalhakimiyet.com\/index.php\/wp-json\/wp\/v2\/tags?post=790"}],"curies":[{"name":"wp","href":"https:\/\/api.w.org\/{rel}","templated":true}]}}