{"id":798,"date":"2023-02-27T11:09:54","date_gmt":"2023-02-27T08:09:54","guid":{"rendered":"https:\/\/www.turhalhakimiyet.com\/?p=798"},"modified":"2023-02-27T11:09:54","modified_gmt":"2023-02-27T08:09:54","slug":"olum-onlari-uykuda-yakaladi","status":"publish","type":"post","link":"https:\/\/www.turhalhakimiyet.com\/index.php\/olum-onlari-uykuda-yakaladi\/","title":{"rendered":"\u00d6l\u00fcm onlar\u0131 uykuda yakalad\u0131"},"content":{"rendered":"\n<h3 class=\"wp-block-heading\">Tokat\u2019\u0131n Zile il\u00e7esinde ah\u015fap evde \u00e7\u0131kan yang\u0131nda 3 ki\u015fi hayat\u0131n\u0131 kaybederken 1 ki\u015fi ise a\u011f\u0131r yaraland\u0131.<\/h3>\n\n\n\n<p>Tokat&#8217;\u0131n Zile il\u00e7esinde ah\u015fap evde \u00e7\u0131kan yang\u0131nda 3 ki\u015fi hayat\u0131n\u0131 kaybederken 1 ki\u015fi ise a\u011f\u0131r yaraland\u0131.<\/p>\n\n\n\n<p>Edinilen bilgiye g\u00f6re yang\u0131n; Minareyi Sa\u011f\u0131r Mahallesi \u0130slim Sokak&#8217;ta bulunan iki katl\u0131 ah\u015fap evde \u00e7\u0131kt\u0131. Vatanda\u015flar\u0131n ihbar\u0131 \u00fczerine olay yerine itfaiye ekipleri sevk edildi. Zile Belediyesi itfaiye ekiplerinin yakla\u015f\u0131k 1 saat s\u00fcren m\u00fcdahalesi sonucu yang\u0131n s\u00f6nd\u00fcr\u00fcld\u00fc. Ekipler yang\u0131nda Emre Y\u0131ld\u0131r\u0131m, Tuncay Tun\u00e7 ve Oktay Bolatpan&#8217;\u0131n cans\u0131z bedeni ile kar\u015f\u0131la\u015ft\u0131. Yaralanan Tar\u0131k Canpolat, sa\u011fl\u0131k ekipleri taraf\u0131ndan ambulansla Zile Devlet Hastanesi&#8217;ne kald\u0131r\u0131ld\u0131.<\/p>\n\n\n\n<p>Yang\u0131n\u0131n ilk belirlemelere g\u00f6re sobadan \u00e7\u0131kt\u0131\u011f\u0131 tespit edildi. Kiral\u0131k olarak kald\u0131klar\u0131 evde i\u015f\u00e7ilerin sobadan \u00e7\u0131kan gazdan zehirlendi\u011fi, yang\u0131n\u0131 fark edemedikleri tahmini \u00fczerinde<\/p>\n","protected":false},"excerpt":{"rendered":"<p>Tokat\u2019\u0131n Zile il\u00e7esinde ah\u015fap evde \u00e7\u0131kan yang\u0131nda 3 ki\u015fi hayat\u0131n\u0131 kaybederken 1 ki\u015fi ise a\u011f\u0131r yaraland\u0131. Tokat&#8217;\u0131n Zile il\u00e7esinde ah\u015fap evde \u00e7\u0131kan yang\u0131nda 3 ki\u015fi hayat\u0131n\u0131 kaybederken 1 ki\u015fi ise a\u011f\u0131r yaraland\u0131. Edinilen bilgiye g\u00f6re yang\u0131n; Minareyi Sa\u011f\u0131r Mahallesi \u0130slim Sokak&#8217;ta bulunan iki katl\u0131 ah\u015fap evde \u00e7\u0131kt\u0131. Vatanda\u015flar\u0131n ihbar\u0131 \u00fczerine olay yerine itfaiye ekipleri sevk [&hellip;]<\/p>\n","protected":false},"author":2,"featured_media":799,"comment_status":"open","ping_status":"open","sticky":false,"template":"","format":"standard","meta":{"footnotes":""},"categories":[1],"tags":[],"class_list":["post-798","post","type-post","status-publish","format-standard","has-post-thumbnail","hentry","category-turhal-haberleri"],"_links":{"self":[{"href":"https:\/\/www.turhalhakimiyet.com\/index.php\/wp-json\/wp\/v2\/posts\/798","targetHints":{"allow":["GET"]}}],"collection":[{"href":"https:\/\/www.turhalhakimiyet.com\/index.php\/wp-json\/wp\/v2\/posts"}],"about":[{"href":"https:\/\/www.turhalhakimiyet.com\/index.php\/wp-json\/wp\/v2\/types\/post"}],"author":[{"embeddable":true,"href":"https:\/\/www.turhalhakimiyet.com\/index.php\/wp-json\/wp\/v2\/users\/2"}],"replies":[{"embeddable":true,"href":"https:\/\/www.turhalhakimiyet.com\/index.php\/wp-json\/wp\/v2\/comments?post=798"}],"version-history":[{"count":1,"href":"https:\/\/www.turhalhakimiyet.com\/index.php\/wp-json\/wp\/v2\/posts\/798\/revisions"}],"predecessor-version":[{"id":800,"href":"https:\/\/www.turhalhakimiyet.com\/index.php\/wp-json\/wp\/v2\/posts\/798\/revisions\/800"}],"wp:featuredmedia":[{"embeddable":true,"href":"https:\/\/www.turhalhakimiyet.com\/index.php\/wp-json\/wp\/v2\/media\/799"}],"wp:attachment":[{"href":"https:\/\/www.turhalhakimiyet.com\/index.php\/wp-json\/wp\/v2\/media?parent=798"}],"wp:term":[{"taxonomy":"category","embeddable":true,"href":"https:\/\/www.turhalhakimiyet.com\/index.php\/wp-json\/wp\/v2\/categories?post=798"},{"taxonomy":"post_tag","embeddable":true,"href":"https:\/\/www.turhalhakimiyet.com\/index.php\/wp-json\/wp\/v2\/tags?post=798"}],"curies":[{"name":"wp","href":"https:\/\/api.w.org\/{rel}","templated":true}]}}