{"id":803,"date":"2023-02-27T16:21:40","date_gmt":"2023-02-27T13:21:40","guid":{"rendered":"https:\/\/www.turhalhakimiyet.com\/?p=803"},"modified":"2023-02-27T16:21:40","modified_gmt":"2023-02-27T13:21:40","slug":"12-bin-318-afetzede-tokatta-agirlaniyor","status":"publish","type":"post","link":"https:\/\/www.turhalhakimiyet.com\/index.php\/12-bin-318-afetzede-tokatta-agirlaniyor\/","title":{"rendered":"12 Bin 318 Afetzede Tokat\u2019ta A\u011f\u0131rlan\u0131yor"},"content":{"rendered":"\n<p>Merkez \u00fcss\u00fc Kahramanmara\u015f&#8217;\u0131n Pazarc\u0131k ve Elbistan il\u00e7eleri olan 7,7 ve 7,6 b\u00fcy\u00fckl\u00fc\u011f\u00fcndeki depremlerin ard\u0131ndan felaketin izlerini silmek i\u00e7in harekete ge\u00e7en Tokat, hem afet b\u00f6lgesinde hem de \u015fehrimize gelen depremzede vatanda\u015flar i\u00e7in \u00e7al\u0131\u015fmalar\u0131n\u0131 s\u00fcrd\u00fcr\u00fcyor.Ad\u0131yaman\u2019\u0131n G\u00f6lba\u015f\u0131 il\u00e7esinde deprem koordinasyonunu sa\u011flamakla g\u00f6revlendirilen Vali Numan Hatipo\u011flu ba\u015fkanl\u0131\u011f\u0131nda g\u00f6nderilen\/g\u00f6revi tamamlayan ekip\/personel, malzeme, ara\u00e7-gere\u00e7 deste\u011fi ile yaralar deprem\u00a0b\u00f6lgesinde sar\u0131l\u0131rken ilimize gelen 12 bin 318 afetzede vatanda\u015f\u00a0i\u00e7in de \u00e7al\u0131\u015fmalar devam ediyor. Depremin ilk g\u00fcn\u00fcnden itibaren ilimizden bin 835\u00a0kamu personeli\u00a0ve STK \u00e7al\u0131\u015fan\u0131 ile 101\u00a0g\u00f6n\u00fcll\u00fc vatanda\u015f\u0131 afet b\u00f6lgesinde g\u00f6revlendirildi<\/p>\n\n\n\n<p><strong>B\u0130N 936 K\u0130\u015e\u0130 VE 175 \u0130\u015e MAK\u0130NASI DEPREM B\u00d6LGES\u0130NDE G\u00d6REV ALDI<\/strong>&nbsp;<\/p>\n\n\n\n<p>Tokat Valili\u011fi\u2019nden yap\u0131lan bilgilendirmeye g\u00f6re; Tokat AFAD M\u00fcd\u00fcrl\u00fc\u011f\u00fc\u00a039\u00a0(2 Tam Donan\u0131m Ar-Kur Arac\u0131 ve 6 H\u0131zl\u0131 M\u00fcdahale Arac\u0131(4*4)), il merkezi ve il\u00e7eler olmak \u00fczere Jandarma Komutanl\u0131\u011f\u0131 \u00a0369, Emniyet M\u00fcd\u00fcrl\u00fc\u011f\u00fc \u00a0310, Belediye Ba\u015fkanl\u0131klar\u0131 383, \u00d6zel \u0130dare 60, Aile Sosyal Hizmetler M\u00fcd\u00fcrl\u00fc\u011f\u00fc 25, Sa\u011fl\u0131k M\u00fcd\u00fcrl\u00fc\u011f\u00fc 302, M\u00fcft\u00fcl\u00fck 101, K\u0131z\u0131lay \u015eube Ba\u015fkanl\u0131\u011f\u0131 \u00a055, STK\/Dernekler(ANDA, Cansuyu) 74 \u00a0ve di\u011fer kurum\/kurulu\u015flar 117 olak \u00fczere toplam bin 936\u00a0 ki\u015fi g\u00f6rev ald\u0131.\u00a0<\/p>\n\n\n\n<p>175 adet\u00a0 i\u015f makinesi ve ekipman ile 129\u00a0personel \u00a0ta\u015f\u0131ma ve kullan\u0131m\u0131 i\u00e7in toplam 304\u00a0ara\u00e7\u00a0g\u00f6revlendirildi.\u00a0 <\/p>\n\n\n\n<p><strong>512 ARA\u00c7 YARDIM G\u00d6NDER\u0130LD\u0130<\/strong><br>Depremin ilk g\u00fcn\u00fc itibariyle\u00a0\u00a0vatanda\u015flar i\u00e7in tek y\u00fcrek olan Tokatl\u0131lar\u0131n deste\u011fi ile haz\u0131rlanan 512 ara\u00e7 (T\u0131r, Minib\u00fcs, Kamyon, Kamyonet, Transit, vs.) insani\u00a0yard\u0131m\u00a0malzemesi b\u00f6lgeye g\u00f6nderildi. \u00a0Ayr\u0131ca ilimize gelen afetzede vatanda\u015flar\u0131n k\u0131yafet ve\u00a0g\u0131da\u00a0ihtiya\u00e7lar\u0131n\u0131n bir k\u0131sm\u0131 H\u00fcseyin Akba\u015f Spor Salonu\u2019nda toplanan yard\u0131mlardan kar\u015f\u0131land\u0131. \u00a0Su, \u00e7e\u015fitli g\u0131da, odun-k\u00f6m\u00fcr, akaryak\u0131t, k\u0131yafet, battaniye, \u0131s\u0131t\u0131c\u0131 gibi yard\u0131mlardan olu\u015fan yard\u0131m ara\u00e7lar\u0131 deprem b\u00f6lgelerinin yaralar\u0131n\u0131n sar\u0131lmas\u0131 i\u00e7in b\u00f6lgeye sevk edildi.<\/p>\n\n\n\n<p><strong>12 B\u0130N 895 AFETZEDE \u0130L\u0130M\u0130ZDE M\u0130SAF\u0130R ED\u0130L\u0130YOR<\/strong><br>Valilikten yap\u0131lan a\u00e7\u0131klamada, \u201c7 bin 515 merkez olmak \u00fczere il genelinde toplam 12 bin 895 afetzede vatanda\u015f yurt, otel, akraba yan\u0131, kendi imkanlar\u0131 ile ilimizde\u00a0misafir ediliyor.<br>Ayr\u0131ca, ilimize gelen depremzede vatanda\u015flar i\u00e7in ilk g\u00fcnlerden itibaren ba\u015flayan pisikososyal\u00a0destek\u00a0\u00e7al\u0131\u015fmalar\u0131 da t\u00fcm h\u0131z\u0131yla devam ediyor\u201d dendi.<\/p>\n\n\n\n<p>.<\/p>\n","protected":false},"excerpt":{"rendered":"<p>Merkez \u00fcss\u00fc Kahramanmara\u015f&#8217;\u0131n Pazarc\u0131k ve Elbistan il\u00e7eleri olan 7,7 ve 7,6 b\u00fcy\u00fckl\u00fc\u011f\u00fcndeki depremlerin ard\u0131ndan felaketin izlerini silmek i\u00e7in harekete ge\u00e7en Tokat, hem afet b\u00f6lgesinde hem de \u015fehrimize gelen depremzede vatanda\u015flar i\u00e7in \u00e7al\u0131\u015fmalar\u0131n\u0131 s\u00fcrd\u00fcr\u00fcyor.Ad\u0131yaman\u2019\u0131n G\u00f6lba\u015f\u0131 il\u00e7esinde deprem koordinasyonunu sa\u011flamakla g\u00f6revlendirilen Vali Numan Hatipo\u011flu ba\u015fkanl\u0131\u011f\u0131nda g\u00f6nderilen\/g\u00f6revi tamamlayan ekip\/personel, malzeme, ara\u00e7-gere\u00e7 deste\u011fi ile yaralar deprem\u00a0b\u00f6lgesinde sar\u0131l\u0131rken ilimize gelen [&hellip;]<\/p>\n","protected":false},"author":2,"featured_media":804,"comment_status":"open","ping_status":"open","sticky":false,"template":"","format":"standard","meta":{"footnotes":""},"categories":[1],"tags":[],"class_list":["post-803","post","type-post","status-publish","format-standard","has-post-thumbnail","hentry","category-turhal-haberleri"],"_links":{"self":[{"href":"https:\/\/www.turhalhakimiyet.com\/index.php\/wp-json\/wp\/v2\/posts\/803","targetHints":{"allow":["GET"]}}],"collection":[{"href":"https:\/\/www.turhalhakimiyet.com\/index.php\/wp-json\/wp\/v2\/posts"}],"about":[{"href":"https:\/\/www.turhalhakimiyet.com\/index.php\/wp-json\/wp\/v2\/types\/post"}],"author":[{"embeddable":true,"href":"https:\/\/www.turhalhakimiyet.com\/index.php\/wp-json\/wp\/v2\/users\/2"}],"replies":[{"embeddable":true,"href":"https:\/\/www.turhalhakimiyet.com\/index.php\/wp-json\/wp\/v2\/comments?post=803"}],"version-history":[{"count":1,"href":"https:\/\/www.turhalhakimiyet.com\/index.php\/wp-json\/wp\/v2\/posts\/803\/revisions"}],"predecessor-version":[{"id":805,"href":"https:\/\/www.turhalhakimiyet.com\/index.php\/wp-json\/wp\/v2\/posts\/803\/revisions\/805"}],"wp:featuredmedia":[{"embeddable":true,"href":"https:\/\/www.turhalhakimiyet.com\/index.php\/wp-json\/wp\/v2\/media\/804"}],"wp:attachment":[{"href":"https:\/\/www.turhalhakimiyet.com\/index.php\/wp-json\/wp\/v2\/media?parent=803"}],"wp:term":[{"taxonomy":"category","embeddable":true,"href":"https:\/\/www.turhalhakimiyet.com\/index.php\/wp-json\/wp\/v2\/categories?post=803"},{"taxonomy":"post_tag","embeddable":true,"href":"https:\/\/www.turhalhakimiyet.com\/index.php\/wp-json\/wp\/v2\/tags?post=803"}],"curies":[{"name":"wp","href":"https:\/\/api.w.org\/{rel}","templated":true}]}}