{"id":806,"date":"2023-02-28T11:44:04","date_gmt":"2023-02-28T08:44:04","guid":{"rendered":"https:\/\/www.turhalhakimiyet.com\/?p=806"},"modified":"2023-02-28T11:44:04","modified_gmt":"2023-02-28T08:44:04","slug":"vali-vekili-saritokatin-duyarliisletmelerine-tesekkur-etti","status":"publish","type":"post","link":"https:\/\/www.turhalhakimiyet.com\/index.php\/vali-vekili-saritokatin-duyarliisletmelerine-tesekkur-etti\/","title":{"rendered":"Vali Vekili Sar\u0131\u2019Tokat\u2019\u0131n Duyarl\u0131<br>\u0130\u015fletmelerine Te\u015fekk\u00fcr Etti"},"content":{"rendered":"\n<p>Tokat Vali Vekili Osman Sar\u0131 Ba\u015fkanl\u0131\u011f\u0131nda, deprem b\u00f6lgesinden<br>ilimize gelen<br>vatanda\u015flar\u0131 a\u011f\u0131rlayan otel, pansiyon, yurt ve<br>misafirhanelerin yetkilileri ile toplant\u0131 d\u00fczenlendi.<br>Tokat Sosyal Hizmetler<br>\u0130l M\u00fcd\u00fcrl\u00fc\u011f\u00fcnde yap\u0131lan toplant\u0131da Vali Vekili Osman Sar\u0131, \u00f6ncelikle y\u00fczy\u0131l\u0131n afeti olan depremde hayat\u0131n\u0131<br>kaybeden vatanda\u015flar\u0131m\u0131za Allah\u2019tan<br>rahmet, yaral\u0131lar\u0131m\u0131za da acil \u015fifalar diliyorum. Biliyoruz ki ya\u015fanan afette yakla\u015f\u0131k olarak 30 bin hane y\u0131k\u0131ld\u0131 ve ya\u015fam\u0131na devam eden<br>vatanda\u015flar\u0131m\u0131z deprem b\u00f6lgesinden ayr\u0131larak \u00e7e\u015fitli illere yerle\u015ftiler. Tokat\u2019\u0131m\u0131za gelen depremzede<br>vatanda\u015flar\u0131m\u0131z,<br>Tokat Gen\u00e7lik Spor \u0130l M\u00fcd\u00fcrl\u00fc\u011f\u00fcm\u00fcze ba\u011fl\u0131 Gen\u00e7lik Merkezinde<br>olu\u015fturdu\u011fumuz kriz merkezine kay\u0131t yapt\u0131rarak Aile ve Sosyal Hizmetler<br>\u0130l M\u00fcd\u00fcr\u00fc Mahmut \u00d6zdemir ve Sosyal Hizmet Merkezi M\u00fcd\u00fcr\u00fc Adnan Tanr\u0131verdi koordinasyonu ile sizlerin i\u015fletmelerine yerle\u015ftirildi.<br>Rabbim sizlerden raz\u0131 olsun her biriniz hi\u00e7<br>teredd\u00fct etmeden<br>i\u015fletmelerinizin kap\u0131lar\u0131n\u0131z\u0131 a\u00e7t\u0131n\u0131z. Vatanda\u015flar\u0131m\u0131z\u0131n her t\u00fcrl\u00fc ihtiya\u00e7lar\u0131nda yanlar\u0131nda oldunuz. Tokat\u2019\u0131m\u0131z tarih boyunca her daim misafirperverli\u011fin, dayan\u0131\u015fman\u0131n ad\u0131<br>olmu\u015ftur. Sizlerde<br>bir kez daha kendinize yak\u0131\u015fan\u0131 yaparak<br>misafirperverli\u011finizi<br>g\u00f6sterdiniz.<br>Hepinize bir kez daha destekleriniz i\u00e7in te\u015fekk\u00fcr ediyoruz dedi.<br>Tokat Sosyal Hizmetler<br>\u0130l M\u00fcd\u00fcr\u00fc Mahmut \u00d6zdemir Tokat Valili\u011fi \u00f6nderli\u011finde deprem<br>b\u00f6lgesinden ilimize gelerek misafir etti\u011fimiz<br>vatanda\u015flar\u0131m\u0131z\u0131n<br>konaklama, sa\u011fl\u0131k, k\u0131yafet, g\u0131da gibi acil ihtiya\u00e7lar\u0131n\u0131 kar\u015f\u0131lamak i\u00e7in yola<br>\u00e7\u0131kt\u0131\u011f\u0131m\u0131zda hi\u00e7bir beklenti i\u00e7erisine girmeden siz de\u011ferli i\u015fletme sahiplerimiz g\u00f6n\u00fcll\u00fc oldunuz.<br>Gen\u00e7lik Merkezinde<br>kurdu\u011fumuz kriz merkezine gelen<br>vatanda\u015flar\u0131m\u0131z, Valili\u011fimizde g\u00f6revli Bilgisayar M\u00fchendisi \u015eahabettin Ak\u00e7a&#8217;n\u0131n<br>yapm\u0131\u015f oldu\u011fu online<br>sisteme kay\u0131t yaparak<br>sizlerin i\u015fletmesine<br>g\u00f6nderdik.<br>Sizlerin sayesinde<br>vatanda\u015flar\u0131m\u0131z\u0131n ilk \u00f6nceli\u011fi olan konaklama problemini \u00e7\u00f6zd\u00fck. Sonras\u0131nda acil ihtiya\u00e7<br>listeleri \u00e7\u0131kar\u0131larak tedarik edildi ve vatanda\u015flar\u0131m\u0131za g\u00f6nderildi.<br>G\u00f6r\u00fcyorum ki, kamu<br>personeli, g\u00f6n\u00fcll\u00fcs\u00fc, emeklisi, ya\u015fl\u0131s\u0131 ve genci ile Tokat tek y\u00fcrek oldu. dedi.Toplant\u0131 devam\u0131nda, ilimizde ikamet etmeye devam eden vatanda\u015flar\u0131m\u0131z\u0131n ihtiya\u00e7lar\u0131n\u0131n kar\u015f\u0131lanmas\u0131 ve en iyi hizmetin verilmesi i\u00e7in g\u00f6r\u00fc\u015f al\u0131\u015f veri\u015finde bulunuldu.<br>Toplant\u0131 sonunda Vali Vekili Osman Sar\u0131<br>toplant\u0131ya kat\u0131lan \u00c7avu\u015fo\u011flu Tower Otel, Alin Otel, Dedeman Otel, Royal Otel, Atlas Otel, G\u00fcnd\u00fcz Otel, Do\u011fa Pansiyon, Vatan Apart, Selin K\u0131z Yurdu, kamu kurum misafirhaneleri ve milli e\u011fitim m\u00fcd\u00fcrl\u00fc\u011f\u00fc<br>yurtlar\u0131 idarecilerine tekrar te\u015fekk\u00fcr etti ve toplant\u0131 sonland\u0131r\u0131ld\u0131.      Haber Edit\u00f6r\u00fc:  Ey\u00fcp Mert<\/p>\n","protected":false},"excerpt":{"rendered":"<p>Tokat Vali Vekili Osman Sar\u0131 Ba\u015fkanl\u0131\u011f\u0131nda, deprem b\u00f6lgesindenilimize gelenvatanda\u015flar\u0131 a\u011f\u0131rlayan otel, pansiyon, yurt vemisafirhanelerin yetkilileri ile toplant\u0131 d\u00fczenlendi.Tokat Sosyal Hizmetler\u0130l M\u00fcd\u00fcrl\u00fc\u011f\u00fcnde yap\u0131lan toplant\u0131da Vali Vekili Osman Sar\u0131, \u00f6ncelikle y\u00fczy\u0131l\u0131n afeti olan depremde hayat\u0131n\u0131kaybeden vatanda\u015flar\u0131m\u0131za Allah\u2019tanrahmet, yaral\u0131lar\u0131m\u0131za da acil \u015fifalar diliyorum. Biliyoruz ki ya\u015fanan afette yakla\u015f\u0131k olarak 30 bin hane y\u0131k\u0131ld\u0131 ve ya\u015fam\u0131na devam edenvatanda\u015flar\u0131m\u0131z deprem [&hellip;]<\/p>\n","protected":false},"author":2,"featured_media":807,"comment_status":"open","ping_status":"open","sticky":false,"template":"","format":"standard","meta":{"footnotes":""},"categories":[1],"tags":[],"class_list":["post-806","post","type-post","status-publish","format-standard","has-post-thumbnail","hentry","category-turhal-haberleri"],"_links":{"self":[{"href":"https:\/\/www.turhalhakimiyet.com\/index.php\/wp-json\/wp\/v2\/posts\/806","targetHints":{"allow":["GET"]}}],"collection":[{"href":"https:\/\/www.turhalhakimiyet.com\/index.php\/wp-json\/wp\/v2\/posts"}],"about":[{"href":"https:\/\/www.turhalhakimiyet.com\/index.php\/wp-json\/wp\/v2\/types\/post"}],"author":[{"embeddable":true,"href":"https:\/\/www.turhalhakimiyet.com\/index.php\/wp-json\/wp\/v2\/users\/2"}],"replies":[{"embeddable":true,"href":"https:\/\/www.turhalhakimiyet.com\/index.php\/wp-json\/wp\/v2\/comments?post=806"}],"version-history":[{"count":1,"href":"https:\/\/www.turhalhakimiyet.com\/index.php\/wp-json\/wp\/v2\/posts\/806\/revisions"}],"predecessor-version":[{"id":808,"href":"https:\/\/www.turhalhakimiyet.com\/index.php\/wp-json\/wp\/v2\/posts\/806\/revisions\/808"}],"wp:featuredmedia":[{"embeddable":true,"href":"https:\/\/www.turhalhakimiyet.com\/index.php\/wp-json\/wp\/v2\/media\/807"}],"wp:attachment":[{"href":"https:\/\/www.turhalhakimiyet.com\/index.php\/wp-json\/wp\/v2\/media?parent=806"}],"wp:term":[{"taxonomy":"category","embeddable":true,"href":"https:\/\/www.turhalhakimiyet.com\/index.php\/wp-json\/wp\/v2\/categories?post=806"},{"taxonomy":"post_tag","embeddable":true,"href":"https:\/\/www.turhalhakimiyet.com\/index.php\/wp-json\/wp\/v2\/tags?post=806"}],"curies":[{"name":"wp","href":"https:\/\/api.w.org\/{rel}","templated":true}]}}