{"id":812,"date":"2023-02-28T12:35:15","date_gmt":"2023-02-28T09:35:15","guid":{"rendered":"https:\/\/www.turhalhakimiyet.com\/?p=812"},"modified":"2023-02-28T12:35:15","modified_gmt":"2023-02-28T09:35:15","slug":"tokat-chp-milletvekili-kadim-durmazhalkin-cadir-ihtiyacini-ahbap-karsilamaya-calisiyorsa-devletin-kurumlari-niye-var","status":"publish","type":"post","link":"https:\/\/www.turhalhakimiyet.com\/index.php\/tokat-chp-milletvekili-kadim-durmazhalkin-cadir-ihtiyacini-ahbap-karsilamaya-calisiyorsa-devletin-kurumlari-niye-var\/","title":{"rendered":"Tokat CHP Milletvekili Kadim Durmaz\u2019Halk\u0131n \u00c7ad\u0131r \u0130htiyac\u0131n\u0131 Ahbap Kar\u015f\u0131lamaya \u00c7al\u0131\u015f\u0131yorsa  Devletin Kurumlar\u0131 Niye Var"},"content":{"rendered":"\n<p>CHP Tokat Milletvekili Kadim Durmaz K\u0131z\u0131lay\u2019\u0131n bedelsiz vermesi gereken \u00e7ad\u0131rlar\u0131 depremde Ahbap Derne\u011fi\u2019nesatmas\u0131n\u0131 ele\u015ftirdi. Kadim Durmaz 155 y\u0131ll\u0131k kurulu\u015f olan K\u0131z\u0131lay&#8217;\u0131n halk\u0131n paralar\u0131 ile ald\u0131\u011f\u0131 \u00e7ad\u0131rlar\u0131 satt\u0131\u011f\u0131n\u0131, halk\u0131n \u00e7ad\u0131r ihtiyac\u0131n\u0131 AHBAP Derne\u011fi<br>kar\u015f\u0131lamaya \u00e7al\u0131\u015ft\u0131\u011f\u0131n\u0131, halk\u0131n halen peri\u015fan ve sokakta oldu\u011funu ve<br>halktan toplanan vergilerin nerede oldu\u011funu s\u00f6yleyerek h\u00fck\u00fcmeti ele\u015ftirdi.<br>Durmaz Depremlerde da\u011f<br>k\u00f6ylerine bile bir gecede \u00e7ad\u0131r kurup, insanlara a\u015f<br>da\u011f\u0131tan K\u0131z\u0131lay&#8217;dan, halk\u0131n paralar\u0131yla ald\u0131\u011f\u0131 \u00e7ad\u0131r\u0131 satan K\u0131z\u0131lay\u2019a\u2026 Hep talan, hep yalan dolan! Yaz\u0131klar olsun.<br>Halk\u0131n \u00e7ad\u0131r ihtiyac\u0131n\u0131 Ahbap kar\u015f\u0131lamaya \u00e7al\u0131\u015f\u0131yorsa devletin kurumlar\u0131 niye var!<br>Halk\u0131n vergileri nerede? Onca can\u0131m\u0131z\u0131 kaybettik, tek bir sorumlu \u00e7\u0131k\u0131p beceremedik diye istifa etmedi! Halk hala peri\u015fan,<br>sokaklarda kal\u0131yor&#8221; dedi.<br>Kadim Durmaz &#8220;Vatanda\u015f can derdindeyken, enkaz alt\u0131nda canlar varken, dondurucu so\u011fukta<br>d\u0131\u015far\u0131da \u00fc\u015f\u00fcrken K\u0131z\u0131lay\u2019\u0131n \u00e7ad\u0131rlar\u0131 bedelsiz<br>da\u011f\u0131tmak yerine satmas\u0131 asli g\u00f6revinden uzakla\u015fan kurumun ticarethane haline geldi\u011fini a\u00e7\u0131k\u00e7a<br>g\u00f6stermektedir. \u00dclkemizin en k\u00f6kl\u00fc kurumlar\u0131ndan olan 155 y\u0131l \u00f6ne kurulan K\u0131z\u0131lay, iktidar taraf\u0131ndan ticarethaneye \u00e7evrilmi\u015ftir. T\u00fcrkiye Tek Y\u00fcrek ad\u0131yla d\u00fczenlenen ba\u011f\u0131\u015f<br>kampanyas\u0131nda<br>vatanda\u015flardan K\u0131z\u0131lay\u2019a para toplan\u0131rken, \u00e7ocuklar<br>kumbaras\u0131nda biriktirdi\u011fi paray\u0131, har\u00e7l\u0131klar\u0131n\u0131 ba\u011f\u0131\u015flarken, b\u00f6yle bir afet zaman\u0131nda K\u0131z\u0131lay\u2019\u0131n \u00e7ad\u0131r sat\u0131yor olmas\u0131 kuruma olan g\u00fcveni bir kez daha derinden sarsm\u0131\u015ft\u0131r diye konu\u015ftu. Ey\u00fcp Mert<\/p>\n","protected":false},"excerpt":{"rendered":"<p>CHP Tokat Milletvekili Kadim Durmaz K\u0131z\u0131lay\u2019\u0131n bedelsiz vermesi gereken \u00e7ad\u0131rlar\u0131 depremde Ahbap Derne\u011fi\u2019nesatmas\u0131n\u0131 ele\u015ftirdi. Kadim Durmaz 155 y\u0131ll\u0131k kurulu\u015f olan K\u0131z\u0131lay&#8217;\u0131n halk\u0131n paralar\u0131 ile ald\u0131\u011f\u0131 \u00e7ad\u0131rlar\u0131 satt\u0131\u011f\u0131n\u0131, halk\u0131n \u00e7ad\u0131r ihtiyac\u0131n\u0131 AHBAP Derne\u011fikar\u015f\u0131lamaya \u00e7al\u0131\u015ft\u0131\u011f\u0131n\u0131, halk\u0131n halen peri\u015fan ve sokakta oldu\u011funu vehalktan toplanan vergilerin nerede oldu\u011funu s\u00f6yleyerek h\u00fck\u00fcmeti ele\u015ftirdi.Durmaz Depremlerde da\u011fk\u00f6ylerine bile bir gecede \u00e7ad\u0131r kurup, insanlara [&hellip;]<\/p>\n","protected":false},"author":2,"featured_media":813,"comment_status":"open","ping_status":"open","sticky":false,"template":"","format":"standard","meta":{"footnotes":""},"categories":[1],"tags":[],"class_list":["post-812","post","type-post","status-publish","format-standard","has-post-thumbnail","hentry","category-turhal-haberleri"],"_links":{"self":[{"href":"https:\/\/www.turhalhakimiyet.com\/index.php\/wp-json\/wp\/v2\/posts\/812","targetHints":{"allow":["GET"]}}],"collection":[{"href":"https:\/\/www.turhalhakimiyet.com\/index.php\/wp-json\/wp\/v2\/posts"}],"about":[{"href":"https:\/\/www.turhalhakimiyet.com\/index.php\/wp-json\/wp\/v2\/types\/post"}],"author":[{"embeddable":true,"href":"https:\/\/www.turhalhakimiyet.com\/index.php\/wp-json\/wp\/v2\/users\/2"}],"replies":[{"embeddable":true,"href":"https:\/\/www.turhalhakimiyet.com\/index.php\/wp-json\/wp\/v2\/comments?post=812"}],"version-history":[{"count":1,"href":"https:\/\/www.turhalhakimiyet.com\/index.php\/wp-json\/wp\/v2\/posts\/812\/revisions"}],"predecessor-version":[{"id":814,"href":"https:\/\/www.turhalhakimiyet.com\/index.php\/wp-json\/wp\/v2\/posts\/812\/revisions\/814"}],"wp:featuredmedia":[{"embeddable":true,"href":"https:\/\/www.turhalhakimiyet.com\/index.php\/wp-json\/wp\/v2\/media\/813"}],"wp:attachment":[{"href":"https:\/\/www.turhalhakimiyet.com\/index.php\/wp-json\/wp\/v2\/media?parent=812"}],"wp:term":[{"taxonomy":"category","embeddable":true,"href":"https:\/\/www.turhalhakimiyet.com\/index.php\/wp-json\/wp\/v2\/categories?post=812"},{"taxonomy":"post_tag","embeddable":true,"href":"https:\/\/www.turhalhakimiyet.com\/index.php\/wp-json\/wp\/v2\/tags?post=812"}],"curies":[{"name":"wp","href":"https:\/\/api.w.org\/{rel}","templated":true}]}}