{"id":822,"date":"2023-03-01T09:50:49","date_gmt":"2023-03-01T06:50:49","guid":{"rendered":"https:\/\/www.turhalhakimiyet.com\/?p=822"},"modified":"2023-03-01T09:50:49","modified_gmt":"2023-03-01T06:50:49","slug":"golbasida-depremzedeler-konteyner-kente-tasinmaya-basladi","status":"publish","type":"post","link":"https:\/\/www.turhalhakimiyet.com\/index.php\/golbasida-depremzedeler-konteyner-kente-tasinmaya-basladi\/","title":{"rendered":"G\u00d6LBA\u015eI\u2019DA DEPREMZEDELER KONTEYNER KENTE TA\u015eINMAYA BA\u015eLADI"},"content":{"rendered":"\n<p>Tokat Belediye Ba\u015fkan\u0131 Ey\u00fcp Ero\u011flu, depremin en \u00e7ok etkiledi\u011fi yerle\u015fim yerlerinden biri olan Ad\u0131yaman G\u00f6lba\u015f\u0131\u2019da depremzedelerin kurulan konteyner kente ta\u015f\u0131nmaya ba\u015flad\u0131\u011f\u0131n\u0131 s\u00f6yledi.<\/p>\n\n\n\n<p>G\u00f6lba\u015f\u0131\u2019da kurulan konteyner 1500 tane konteynerin \u00e7ok k\u0131sa zamanda depremzedelerin kullan\u0131m\u0131na sunulaca\u011f\u0131n\u0131 dile getiren Belediye Ba\u015fkan\u0131 Ey\u00fcp Ero\u011flu \u201c\u0130lk etapta 100 tane konteyner geldi. Buraya yerle\u015ftirildi. \u0130\u00e7lerinde kullan\u0131lacak malzemeler, \u00e7ekyatlar, mutfak gere\u00e7leri, buzdolab\u0131, televizyonu ve di\u011fer malzemeleri ile depremzedelerimizin kullan\u0131m\u0131na bug\u00fcn itibariyle a\u00e7\u0131ld\u0131\u201d dedi.<\/p>\n\n\n\n<p>Yaralar\u0131n h\u0131zl\u0131 bir \u015fekilde sar\u0131lmaya \u00e7al\u0131\u015f\u0131ld\u0131\u011f\u0131na dikkat \u00e7eken Ba\u015fkan Ero\u011flu \u201c\u00d6nce \u00e7ad\u0131r kentler kuruldu. \u00c7ad\u0131rlardaki insanlar\u0131m\u0131z \u015fimdi konteynerlere ta\u015f\u0131nmaya ba\u015flad\u0131lar. Bir taraftan da yeni konutlar\u0131n Cumhurba\u015fkan\u0131m\u0131z Say\u0131n Recep Tayyip Erdo\u011fan\u2019\u0131n \u00f6nc\u00fcl\u00fc\u011f\u00fcnde temelleri at\u0131lacak. \u0130n\u015fallah bir y\u0131l i\u00e7erisinde yeni yap\u0131lacak konutlar insanlar\u0131m\u0131z\u0131n kullan\u0131m\u0131na haz\u0131r olacak\u201d dedi.<\/p>\n\n\n\n<p>Yard\u0131mlar\u0131n devam etti\u011fini ifade eden Belediye Ba\u015fkan\u0131 Ey\u00fcp Ero\u011flu \u201cBiz necip bir milletiz. Nerede bir ihtiya\u00e7 varsa oraya el uzatan bir milletiz. Biz bu yirmi iki g\u00fcnl\u00fck s\u00fcre\u00e7te bunu g\u00f6rd\u00fck. Devletimiz hep vatanda\u015f\u0131n\u0131n yan\u0131ndayd\u0131. Milletimiz yard\u0131mlar\u0131yla, dualar\u0131yla hep depremzede karde\u015flerimizin yan\u0131nda oldu. Bu yard\u0131mla\u015fma seferberli\u011fi halen de devam ediyor\u201d diye konu\u015ftu.<\/p>\n","protected":false},"excerpt":{"rendered":"<p>Tokat Belediye Ba\u015fkan\u0131 Ey\u00fcp Ero\u011flu, depremin en \u00e7ok etkiledi\u011fi yerle\u015fim yerlerinden biri olan Ad\u0131yaman G\u00f6lba\u015f\u0131\u2019da depremzedelerin kurulan konteyner kente ta\u015f\u0131nmaya ba\u015flad\u0131\u011f\u0131n\u0131 s\u00f6yledi. G\u00f6lba\u015f\u0131\u2019da kurulan konteyner 1500 tane konteynerin \u00e7ok k\u0131sa zamanda depremzedelerin kullan\u0131m\u0131na sunulaca\u011f\u0131n\u0131 dile getiren Belediye Ba\u015fkan\u0131 Ey\u00fcp Ero\u011flu \u201c\u0130lk etapta 100 tane konteyner geldi. Buraya yerle\u015ftirildi. \u0130\u00e7lerinde kullan\u0131lacak malzemeler, \u00e7ekyatlar, mutfak gere\u00e7leri, buzdolab\u0131, [&hellip;]<\/p>\n","protected":false},"author":2,"featured_media":823,"comment_status":"open","ping_status":"open","sticky":false,"template":"","format":"standard","meta":{"footnotes":""},"categories":[1],"tags":[],"class_list":["post-822","post","type-post","status-publish","format-standard","has-post-thumbnail","hentry","category-turhal-haberleri"],"_links":{"self":[{"href":"https:\/\/www.turhalhakimiyet.com\/index.php\/wp-json\/wp\/v2\/posts\/822","targetHints":{"allow":["GET"]}}],"collection":[{"href":"https:\/\/www.turhalhakimiyet.com\/index.php\/wp-json\/wp\/v2\/posts"}],"about":[{"href":"https:\/\/www.turhalhakimiyet.com\/index.php\/wp-json\/wp\/v2\/types\/post"}],"author":[{"embeddable":true,"href":"https:\/\/www.turhalhakimiyet.com\/index.php\/wp-json\/wp\/v2\/users\/2"}],"replies":[{"embeddable":true,"href":"https:\/\/www.turhalhakimiyet.com\/index.php\/wp-json\/wp\/v2\/comments?post=822"}],"version-history":[{"count":1,"href":"https:\/\/www.turhalhakimiyet.com\/index.php\/wp-json\/wp\/v2\/posts\/822\/revisions"}],"predecessor-version":[{"id":824,"href":"https:\/\/www.turhalhakimiyet.com\/index.php\/wp-json\/wp\/v2\/posts\/822\/revisions\/824"}],"wp:featuredmedia":[{"embeddable":true,"href":"https:\/\/www.turhalhakimiyet.com\/index.php\/wp-json\/wp\/v2\/media\/823"}],"wp:attachment":[{"href":"https:\/\/www.turhalhakimiyet.com\/index.php\/wp-json\/wp\/v2\/media?parent=822"}],"wp:term":[{"taxonomy":"category","embeddable":true,"href":"https:\/\/www.turhalhakimiyet.com\/index.php\/wp-json\/wp\/v2\/categories?post=822"},{"taxonomy":"post_tag","embeddable":true,"href":"https:\/\/www.turhalhakimiyet.com\/index.php\/wp-json\/wp\/v2\/tags?post=822"}],"curies":[{"name":"wp","href":"https:\/\/api.w.org\/{rel}","templated":true}]}}