{"id":831,"date":"2023-03-01T11:02:27","date_gmt":"2023-03-01T08:02:27","guid":{"rendered":"https:\/\/www.turhalhakimiyet.com\/?p=831"},"modified":"2023-03-01T11:02:27","modified_gmt":"2023-03-01T08:02:27","slug":"genc-adam-evinde-olu-bulundu","status":"publish","type":"post","link":"https:\/\/www.turhalhakimiyet.com\/index.php\/genc-adam-evinde-olu-bulundu\/","title":{"rendered":"Gen\u00e7 Adam Evinde \u00d6l\u00fc Bulundu"},"content":{"rendered":"\n<p>Niksar&#8217;da t\u00fcfekle kazayla kendisini vurdu\u011fu tahmin edilen gen\u00e7 adam hayat\u0131n\u0131 kaybetti.<\/p>\n\n\n\n<p>Edinilen bilgiye g\u00f6re Ba\u011flar Mahallesinde ikamet eden Ahmet Kaya (36), evde kimsenin olmad\u0131\u011f\u0131 esnada t\u00fcfekte kendisini vurdu. E\u015fi taraf\u0131ndan bulunan \u015fah\u0131s, olay yerine \u00e7a\u011fr\u0131lan 112 sa\u011fl\u0131k ekiplerinin yapt\u0131\u011f\u0131 kontrolde hayat\u0131n\u0131 kaybetti\u011fi tespit edildi. Kaya\u2019n\u0131n intiharm\u0131 yoksa kaza kur\u015funu ile hayat\u0131n\u0131 kaybetti\u011fi yap\u0131lan incelemenin ard\u0131ndan netlik kazanacak.<\/p>\n\n\n\n<p>Evli ve iki \u00e7ocuk babas\u0131 Kaya\u2019n\u0131n cenazesi Niksar Devlet Hastanesi morguna kald\u0131r\u0131ld\u0131.<\/p>\n\n\n\n<p>Polis olayla ilgili inceleme ba\u015flatt\u0131.<\/p>\n","protected":false},"excerpt":{"rendered":"<p>Niksar&#8217;da t\u00fcfekle kazayla kendisini vurdu\u011fu tahmin edilen gen\u00e7 adam hayat\u0131n\u0131 kaybetti. Edinilen bilgiye g\u00f6re Ba\u011flar Mahallesinde ikamet eden Ahmet Kaya (36), evde kimsenin olmad\u0131\u011f\u0131 esnada t\u00fcfekte kendisini vurdu. E\u015fi taraf\u0131ndan bulunan \u015fah\u0131s, olay yerine \u00e7a\u011fr\u0131lan 112 sa\u011fl\u0131k ekiplerinin yapt\u0131\u011f\u0131 kontrolde hayat\u0131n\u0131 kaybetti\u011fi tespit edildi. Kaya\u2019n\u0131n intiharm\u0131 yoksa kaza kur\u015funu ile hayat\u0131n\u0131 kaybetti\u011fi yap\u0131lan incelemenin ard\u0131ndan [&hellip;]<\/p>\n","protected":false},"author":2,"featured_media":832,"comment_status":"open","ping_status":"open","sticky":false,"template":"","format":"standard","meta":{"footnotes":""},"categories":[1],"tags":[],"class_list":["post-831","post","type-post","status-publish","format-standard","has-post-thumbnail","hentry","category-turhal-haberleri"],"_links":{"self":[{"href":"https:\/\/www.turhalhakimiyet.com\/index.php\/wp-json\/wp\/v2\/posts\/831","targetHints":{"allow":["GET"]}}],"collection":[{"href":"https:\/\/www.turhalhakimiyet.com\/index.php\/wp-json\/wp\/v2\/posts"}],"about":[{"href":"https:\/\/www.turhalhakimiyet.com\/index.php\/wp-json\/wp\/v2\/types\/post"}],"author":[{"embeddable":true,"href":"https:\/\/www.turhalhakimiyet.com\/index.php\/wp-json\/wp\/v2\/users\/2"}],"replies":[{"embeddable":true,"href":"https:\/\/www.turhalhakimiyet.com\/index.php\/wp-json\/wp\/v2\/comments?post=831"}],"version-history":[{"count":1,"href":"https:\/\/www.turhalhakimiyet.com\/index.php\/wp-json\/wp\/v2\/posts\/831\/revisions"}],"predecessor-version":[{"id":833,"href":"https:\/\/www.turhalhakimiyet.com\/index.php\/wp-json\/wp\/v2\/posts\/831\/revisions\/833"}],"wp:featuredmedia":[{"embeddable":true,"href":"https:\/\/www.turhalhakimiyet.com\/index.php\/wp-json\/wp\/v2\/media\/832"}],"wp:attachment":[{"href":"https:\/\/www.turhalhakimiyet.com\/index.php\/wp-json\/wp\/v2\/media?parent=831"}],"wp:term":[{"taxonomy":"category","embeddable":true,"href":"https:\/\/www.turhalhakimiyet.com\/index.php\/wp-json\/wp\/v2\/categories?post=831"},{"taxonomy":"post_tag","embeddable":true,"href":"https:\/\/www.turhalhakimiyet.com\/index.php\/wp-json\/wp\/v2\/tags?post=831"}],"curies":[{"name":"wp","href":"https:\/\/api.w.org\/{rel}","templated":true}]}}