{"id":834,"date":"2023-03-02T16:22:45","date_gmt":"2023-03-02T13:22:45","guid":{"rendered":"https:\/\/www.turhalhakimiyet.com\/?p=834"},"modified":"2023-03-02T16:22:45","modified_gmt":"2023-03-02T13:22:45","slug":"tokattaki-oda-ve-borsa-baskanlarindan-golbasi-ilcesine-ziyaret","status":"publish","type":"post","link":"https:\/\/www.turhalhakimiyet.com\/index.php\/tokattaki-oda-ve-borsa-baskanlarindan-golbasi-ilcesine-ziyaret\/","title":{"rendered":"Tokat\u2019taki Oda ve Borsa Ba\u015fkanlar\u0131ndan G\u00f6lba\u015f\u0131 il\u00e7esine Ziyaret"},"content":{"rendered":"\n<p>Tokat Ticaret Ve Sanayi Odas\u0131 Y\u00f6netim Kurulu Ba\u015fkan\u0131 Fatih G\u00f6kdere, beraberinde TOBB\u2019a ba\u011fl\u0131 Tokat\u2019taki oda ve borsa ba\u015fkanlar\u0131 ile Tokatl\u0131 STK\u2019lar\u0131n ba\u015fkan ve<br>y\u00f6neticilerinden<br>olu\u015fan heyetle Kahramanmara\u015f merkezli depremlerden en \u00e7ok etkilenen<br>yerle\u015fim yerlerinden birisi olan Ad\u0131yaman\u2019\u0131n G\u00f6lba\u015f\u0131 il\u00e7esini ziyaret etti.G\u00f6lda\u015f\u0131\u2019nda Koordinasyon Valisi olarak g\u00f6rev yapan Tokat Valisi Numan Hatipo\u011flu, Tokat Belediye Ba\u015fkan\u0131 Ey\u00fcp Ero\u011flu ve \u0130l Genel Meclisi Ba\u015fkan\u0131 Erol Duyum ile g\u00f6r\u00fc\u015fen heyet, b\u00f6lgede yap\u0131lan \u00e7al\u0131\u015fmalar ve Tokat\u2019tan G\u00f6lba\u015f\u0131\u2019na ula\u015fan ve ula\u015ft\u0131r\u0131lacak olan yard\u0131mlarla ilgili isti\u015fare toplant\u0131s\u0131 ger\u00e7ekle\u015ftirdi.<br>Ba\u015fkan Fatih G\u00f6kdere, ziyaret sonras\u0131nda<br>yapt\u0131\u011f\u0131 de\u011felendirmede G\u00f6lba\u015f\u0131 ile Tokat arad\u0131nda olu\u015fan karde\u015flik k\u00f6pr\u00fcs\u00fcne de\u011finerek, b\u00f6lgede ya\u015fayan afetzedeler i\u00e7in yap\u0131lan \u00e7al\u0131\u015fmalar\u0131n koordinesindeki \u00f6zeni takdir ile kar\u015f\u0131lad\u0131\u011f\u0131n\u0131 s\u00f6yledi.<br>Vali Hatipo\u011flu<br>\u00f6nderli\u011finde devam eden \u00e7al\u0131\u015fmalara Tokat Belediye Ba\u015fkan\u0131 Ey\u00fcp Ero\u011flu ile birlikte il\u00e7e belediyelerinin, \u0130l \u00d6zel \u0130daresinin, Tokat Gaziosmanpa\u015fa<br>\u00dcniversitesinin verdi\u011fi katk\u0131n\u0131n son derece b\u00fcy\u00fck oldu\u011funu dile getiren Ba\u015fkan G\u00f6kdere, AFAD, Emniyet ve Jandarma, Mehmet\u00e7ik ve Sa\u011fl\u0131k\u00e7\u0131lar, K\u0131z\u0131lay, UMKE ve g\u00f6n\u00fcll\u00fclerin koordinasyon<br>kapsam\u0131nda ar\u0131 gibi \u00e7al\u0131\u015ft\u0131\u011f\u0131n\u0131, b\u00f6lge halk\u0131n\u0131n da Tokat ve Tokatl\u0131lara bu vesile ile karde\u015f olarak<br>bakt\u0131klar\u0131n\u0131 bizzat g\u00f6zlemlediklerini ifade etti. Ba\u015fkan G\u00f6kdere, Yaralar h\u0131zla sar\u0131l\u0131yor, in\u015fallah b\u00f6yle afetleri bir daha ya\u015famay\u0131z. Allah milletimizi ve devletimizi korusun. Buradaki<br>koordinasyonun en ba\u015f\u0131ndaki Valimiz ve Belediye<br>Ba\u015fkan\u0131m\u0131zdan g\u00f6n\u00fcll\u00fc t\u00fcm hem\u015ferilerimize ne kadar te\u015fekk\u00fcr<br>etsem az. Allah \u00e7al\u0131\u015fmalar\u0131nda kolayl\u0131k versin. Allah hepsinden raz\u0131 olsun\u201d diye<br>konu\u015ftu.<br>Ey\u00fcp Mert<\/p>\n","protected":false},"excerpt":{"rendered":"<p>Tokat Ticaret Ve Sanayi Odas\u0131 Y\u00f6netim Kurulu Ba\u015fkan\u0131 Fatih G\u00f6kdere, beraberinde TOBB\u2019a ba\u011fl\u0131 Tokat\u2019taki oda ve borsa ba\u015fkanlar\u0131 ile Tokatl\u0131 STK\u2019lar\u0131n ba\u015fkan vey\u00f6neticilerindenolu\u015fan heyetle Kahramanmara\u015f merkezli depremlerden en \u00e7ok etkilenenyerle\u015fim yerlerinden birisi olan Ad\u0131yaman\u2019\u0131n G\u00f6lba\u015f\u0131 il\u00e7esini ziyaret etti.G\u00f6lda\u015f\u0131\u2019nda Koordinasyon Valisi olarak g\u00f6rev yapan Tokat Valisi Numan Hatipo\u011flu, Tokat Belediye Ba\u015fkan\u0131 Ey\u00fcp Ero\u011flu ve \u0130l Genel [&hellip;]<\/p>\n","protected":false},"author":2,"featured_media":835,"comment_status":"open","ping_status":"open","sticky":false,"template":"","format":"standard","meta":{"footnotes":""},"categories":[1],"tags":[],"class_list":["post-834","post","type-post","status-publish","format-standard","has-post-thumbnail","hentry","category-turhal-haberleri"],"_links":{"self":[{"href":"https:\/\/www.turhalhakimiyet.com\/index.php\/wp-json\/wp\/v2\/posts\/834","targetHints":{"allow":["GET"]}}],"collection":[{"href":"https:\/\/www.turhalhakimiyet.com\/index.php\/wp-json\/wp\/v2\/posts"}],"about":[{"href":"https:\/\/www.turhalhakimiyet.com\/index.php\/wp-json\/wp\/v2\/types\/post"}],"author":[{"embeddable":true,"href":"https:\/\/www.turhalhakimiyet.com\/index.php\/wp-json\/wp\/v2\/users\/2"}],"replies":[{"embeddable":true,"href":"https:\/\/www.turhalhakimiyet.com\/index.php\/wp-json\/wp\/v2\/comments?post=834"}],"version-history":[{"count":1,"href":"https:\/\/www.turhalhakimiyet.com\/index.php\/wp-json\/wp\/v2\/posts\/834\/revisions"}],"predecessor-version":[{"id":836,"href":"https:\/\/www.turhalhakimiyet.com\/index.php\/wp-json\/wp\/v2\/posts\/834\/revisions\/836"}],"wp:featuredmedia":[{"embeddable":true,"href":"https:\/\/www.turhalhakimiyet.com\/index.php\/wp-json\/wp\/v2\/media\/835"}],"wp:attachment":[{"href":"https:\/\/www.turhalhakimiyet.com\/index.php\/wp-json\/wp\/v2\/media?parent=834"}],"wp:term":[{"taxonomy":"category","embeddable":true,"href":"https:\/\/www.turhalhakimiyet.com\/index.php\/wp-json\/wp\/v2\/categories?post=834"},{"taxonomy":"post_tag","embeddable":true,"href":"https:\/\/www.turhalhakimiyet.com\/index.php\/wp-json\/wp\/v2\/tags?post=834"}],"curies":[{"name":"wp","href":"https:\/\/api.w.org\/{rel}","templated":true}]}}