{"id":844,"date":"2023-03-03T15:14:01","date_gmt":"2023-03-03T12:14:01","guid":{"rendered":"https:\/\/www.turhalhakimiyet.com\/?p=844"},"modified":"2023-03-03T15:14:01","modified_gmt":"2023-03-03T12:14:01","slug":"tokatta-afet-ve-deprem-risklerinin-arastirilmasi-icin-komisyon-kurulmasi-karari-alindi","status":"publish","type":"post","link":"https:\/\/www.turhalhakimiyet.com\/index.php\/tokatta-afet-ve-deprem-risklerinin-arastirilmasi-icin-komisyon-kurulmasi-karari-alindi\/","title":{"rendered":"Tokat&#8217;ta afet ve deprem risklerinin ara\u015ft\u0131r\u0131lmas\u0131 i\u00e7in komisyon kurulmas\u0131 karar\u0131 al\u0131nd\u0131"},"content":{"rendered":"\n<h3 class=\"wp-block-heading\">Tokat Belediyesi meclis toplant\u0131s\u0131nda, il merkezindeki afet ve deprem risklerinin ara\u015ft\u0131r\u0131lmas\u0131 amac\u0131yla komisyon kurulmas\u0131na oybirli\u011fi ile karar verildi.<\/h3>\n\n\n\n<p>T\u00fcrkiye&#8217;yi yasa bo\u011fan Kahramanmara\u015f Pazarc\u0131k merkezli 7,7 b\u00fcy\u00fckl\u00fc\u011f\u00fcndeki depremin olu\u015fturdu\u011fu y\u0131k\u0131m ve kay\u0131plar Tokat&#8217;ta ya\u015fanabilecek muhtemel bir deprem felaketine kar\u015f\u0131 al\u0131nacak tedbirler konusunda Tokat Belediyesi&#8217;ni harekete ge\u00e7irdi. Kuzey Anadolu Fay Hatt\u0131na yak\u0131nl\u0131\u011f\u0131 ve i\u00e7inden fay hatt\u0131 ge\u00e7mesi sebebiyle Tokat Belediyesi taraf\u0131ndan afete kar\u015f\u0131 al\u0131nacak tedbirler i\u00e7in komisyon kuruldu. Tokat Belediye Ba\u015fkan\u0131 Ey\u00fcp Ero\u011flu, 6 \u015eubat depreminin bir milat oldu\u011funu ifade ederek, \u201cBundan sonra deprem felaketi ba\u015fta olmak \u00fczere felaketlerle ilgili b\u00fct\u00fcn \u015fehirlerimiz eylem planlar\u0131n\u0131, gerekli risk analizlerini yapacaklard\u0131r ve bir\u00e7ok \u00e7al\u0131\u015fma i\u00e7erisine girilecektir. Belki de \u00f6n\u00fcm\u00fczdeki be\u015f y\u0131l \u015fehirlerimizin imar\u0131 ile i\u015ftigal etti\u011fimiz bir s\u00fcre\u00e7 olacak. Bu anlamda biz de belediye meclisimizce ald\u0131\u011f\u0131m\u0131z kararla Tokat Afet ve Deprem Ara\u015ft\u0131rma Komisyonu ad\u0131yla bir ge\u00e7ici komisyon kurduk\u201d dedi.<\/p>\n\n\n\n<p>Tokat Afet ve Deprem Ara\u015ft\u0131rma Komisyonunun \u00f6nemli \u00f6dev ve g\u00f6revlerinin oldu\u011funu ifade eden Ba\u015fkan Ero\u011flu, \u201cKomisyonumuz Tokat&#8217;taki binalarla ilgili hangi tarihlerde yap\u0131ld\u0131\u011f\u0131, depremle ilgili nas\u0131l riskler ta\u015f\u0131yabilece\u011fi ilgili birtak\u0131m \u00e7al\u0131\u015fmalar ortaya koyacaklar. Bunun yan\u0131nda yeni sa\u011flam zeminli imar alanlar\u0131n\u0131n tespit edilmesi noktas\u0131nda teklifler sunacaklar. Mevcut imar alanlar\u0131nda muhtemel bir deprem durumunda zemin problemleri ya\u015fayabilece\u011fimiz yerlerin nereler oldu\u011fu konusunda \u00e7al\u0131\u015fmalar ger\u00e7ekle\u015ftirecekler. Bir deprem ya\u015fanmas\u0131 durumunda hangi alanlarda \u00e7ad\u0131r kurulabilece\u011fi ve nas\u0131l m\u00fcdahaleler yap\u0131lmas\u0131 gerekti\u011fi hususlar\u0131ndaki \u00e7al\u0131\u015fmalar\u0131 bizlere \u00f6nerecekler. Bu \u00e7al\u0131\u015fmalar\u0131 ger\u00e7ekle\u015ftirirken mimar ve m\u00fchendis odalar\u0131, m\u00fcteahhitlerle ve yap\u0131 denetim firmalar\u0131 ile toplant\u0131lar ger\u00e7ekle\u015ftirerek \u00fc\u00e7 ay s\u00fcrecek bir \u00e7al\u0131\u015fma ile bir rapor haz\u0131rlay\u0131p sunacaklar. Bizler de belediyemizce yapaca\u011f\u0131m\u0131z \u00e7al\u0131\u015fmalar\u0131, \u00f6n\u00fcm\u00fczdeki g\u00fcnlerde bakanl\u0131\u011f\u0131m\u0131z\u0131n isteyece\u011fi hususlar\u0131 da i\u00e7erisine alarak ger\u00e7ekle\u015ftirece\u011fiz. Rabbim hepimizi, b\u00fct\u00fcn insanl\u0131\u011f\u0131 afetlerden korusun\u201d diye konu\u015ftu.<\/p>\n","protected":false},"excerpt":{"rendered":"<p>Tokat Belediyesi meclis toplant\u0131s\u0131nda, il merkezindeki afet ve deprem risklerinin ara\u015ft\u0131r\u0131lmas\u0131 amac\u0131yla komisyon kurulmas\u0131na oybirli\u011fi ile karar verildi. T\u00fcrkiye&#8217;yi yasa bo\u011fan Kahramanmara\u015f Pazarc\u0131k merkezli 7,7 b\u00fcy\u00fckl\u00fc\u011f\u00fcndeki depremin olu\u015fturdu\u011fu y\u0131k\u0131m ve kay\u0131plar Tokat&#8217;ta ya\u015fanabilecek muhtemel bir deprem felaketine kar\u015f\u0131 al\u0131nacak tedbirler konusunda Tokat Belediyesi&#8217;ni harekete ge\u00e7irdi. Kuzey Anadolu Fay Hatt\u0131na yak\u0131nl\u0131\u011f\u0131 ve i\u00e7inden fay hatt\u0131 ge\u00e7mesi [&hellip;]<\/p>\n","protected":false},"author":2,"featured_media":845,"comment_status":"open","ping_status":"open","sticky":false,"template":"","format":"standard","meta":{"footnotes":""},"categories":[1],"tags":[],"class_list":["post-844","post","type-post","status-publish","format-standard","has-post-thumbnail","hentry","category-turhal-haberleri"],"_links":{"self":[{"href":"https:\/\/www.turhalhakimiyet.com\/index.php\/wp-json\/wp\/v2\/posts\/844","targetHints":{"allow":["GET"]}}],"collection":[{"href":"https:\/\/www.turhalhakimiyet.com\/index.php\/wp-json\/wp\/v2\/posts"}],"about":[{"href":"https:\/\/www.turhalhakimiyet.com\/index.php\/wp-json\/wp\/v2\/types\/post"}],"author":[{"embeddable":true,"href":"https:\/\/www.turhalhakimiyet.com\/index.php\/wp-json\/wp\/v2\/users\/2"}],"replies":[{"embeddable":true,"href":"https:\/\/www.turhalhakimiyet.com\/index.php\/wp-json\/wp\/v2\/comments?post=844"}],"version-history":[{"count":1,"href":"https:\/\/www.turhalhakimiyet.com\/index.php\/wp-json\/wp\/v2\/posts\/844\/revisions"}],"predecessor-version":[{"id":846,"href":"https:\/\/www.turhalhakimiyet.com\/index.php\/wp-json\/wp\/v2\/posts\/844\/revisions\/846"}],"wp:featuredmedia":[{"embeddable":true,"href":"https:\/\/www.turhalhakimiyet.com\/index.php\/wp-json\/wp\/v2\/media\/845"}],"wp:attachment":[{"href":"https:\/\/www.turhalhakimiyet.com\/index.php\/wp-json\/wp\/v2\/media?parent=844"}],"wp:term":[{"taxonomy":"category","embeddable":true,"href":"https:\/\/www.turhalhakimiyet.com\/index.php\/wp-json\/wp\/v2\/categories?post=844"},{"taxonomy":"post_tag","embeddable":true,"href":"https:\/\/www.turhalhakimiyet.com\/index.php\/wp-json\/wp\/v2\/tags?post=844"}],"curies":[{"name":"wp","href":"https:\/\/api.w.org\/{rel}","templated":true}]}}