{"id":847,"date":"2023-03-03T15:20:57","date_gmt":"2023-03-03T12:20:57","guid":{"rendered":"https:\/\/www.turhalhakimiyet.com\/?p=847"},"modified":"2023-03-03T15:20:57","modified_gmt":"2023-03-03T12:20:57","slug":"turhal-belediyesi-teknik-personelleri-deprem-bolgesinde-330-binanin-hasar-tespit-calismasini-gerceklestirdi","status":"publish","type":"post","link":"https:\/\/www.turhalhakimiyet.com\/index.php\/turhal-belediyesi-teknik-personelleri-deprem-bolgesinde-330-binanin-hasar-tespit-calismasini-gerceklestirdi\/","title":{"rendered":"Turhal Belediyesi Teknik Personelleri Deprem B\u00f6lgesinde 330 Binan\u0131n Hasar Tespit \u00c7al\u0131\u015fmas\u0131n\u0131 Ger\u00e7ekle\u015ftirdi"},"content":{"rendered":"\n<p>Turhal Belediyesi taraf\u0131ndan Hatay\u2019\u0131n Defne il\u00e7esine hasar tespit \u00e7al\u0131\u015fmalar\u0131na kat\u0131lmalar\u0131 i\u00e7in g\u00f6nderilen Belediye ekipleri, \u00c7evre \u015eehircilik ve \u0130klim De\u011fi\u015fikli\u011fi Bakanl\u0131\u011f\u0131n\u0131n y\u00f6nlendirmeleriyle 330 binan\u0131n hasar tespitini tamamlad\u0131.<\/p>\n\n\n\n<p>T\u00fcm T\u00fcrkiye\u2019yi derinden yaralayan depremin ilk g\u00fcn\u00fcnden itibaren imk\u00e2nlar\u0131n\u0131 seferber eden Turhal Belediyesi, 10 ili etkileyen deprem b\u00f6lgesinde incelemelerde ve hasar tespitinde bulunmak amac\u0131yla in\u015faat m\u00fchendisi ve in\u015faat teknikerinden olu\u015fan 4 ki\u015filik uzman ekibini g\u00f6nderdi.<\/p>\n\n\n\n<p>Hatay\u2019\u0131n Defne \u0130l\u00e7esinde \u00c7evre \u015eehircilik ve \u0130klim De\u011fi\u015fikli\u011fi Bakanl\u0131\u011f\u0131\u2019n\u0131n planlamas\u0131nda \u00e7al\u0131\u015fma y\u00fcr\u00fcten ekipler il\u00e7e genelinde kendilerine verilen b\u00f6lgelerde ki binalarda teknik \u00e7al\u0131\u015fmalar y\u00fcr\u00fctt\u00fc. Deprem b\u00f6lgesinde bulunan 330 binan\u0131n bilimsel teknikler kullan\u0131larak hasar durumlar\u0131 belirlendi.<\/p>\n\n\n\n<p><strong>B\u00fcy\u00fck T\u00fcrk Milleti Olarak Bu G\u00fcnleri Birlikte A\u015faca\u011f\u0131z<\/strong><\/p>\n\n\n\n<p>Deprem b\u00f6lgesinde y\u00fcr\u00fct\u00fclen \u00e7al\u0131\u015fmalarla ilgili a\u00e7\u0131klama yapan Turhal Belediye Ba\u015fkan\u0131 \u0130lker Bekler, yapt\u0131\u011f\u0131 a\u00e7\u0131klamada; \u201cBu b\u00fcy\u00fck afet hepimizi \u00e7ok \u00fczd\u00fc. Hayat\u0131n\u0131 kaybeden vatanda\u015flar\u0131m\u0131za Allah\u2019tan rahmet, yaral\u0131lara acil \u015fifalar diliyorum. Depremin ilk an\u0131ndan itibaren Turhal Belediyesi olarak bizler elimizden gelen ne varsa yapt\u0131k. Depremzedelerin bar\u0131nma ihtiya\u00e7lar\u0131na cevap vermek i\u00e7in AFAD destek deprem b\u00f6lgesine g\u00f6ndererek \u00e7ad\u0131r kurma faaliyetlerine destek olduk. \u0130\u015f makinelerimiz, ara\u00e7lar\u0131m\u0131z ve personelimizle deprem ile ilgili yap\u0131lmas\u0131 gereken ne varsa yapt\u0131k, yapmaya devam edece\u011fiz. Belediyemizde g\u00f6revli teknik personelimizden olu\u015fan4 ki\u015filik ekibimizi, Hatay\u2019\u0131n Defne il\u00e7esinde hasar g\u00f6ren binalar\u0131n durumlar\u0131n\u0131 incelemek \u00fczere g\u00f6revlendirdik. Arkada\u015flar\u0131m\u0131z, b\u00f6lgede faaliyet g\u00f6steren ilgili kurumlarla i\u015fbirli\u011fi i\u00e7inde bir \u015fekilde 330 binan\u0131n hasar tespitlerini ger\u00e7ekle\u015ftirdi. B\u00fcy\u00fck T\u00fcrk Milleti olarak bu g\u00fcnleri birlikte a\u015faca\u011f\u0131z.\u201d dedi.<\/p>\n","protected":false},"excerpt":{"rendered":"<p>Turhal Belediyesi taraf\u0131ndan Hatay\u2019\u0131n Defne il\u00e7esine hasar tespit \u00e7al\u0131\u015fmalar\u0131na kat\u0131lmalar\u0131 i\u00e7in g\u00f6nderilen Belediye ekipleri, \u00c7evre \u015eehircilik ve \u0130klim De\u011fi\u015fikli\u011fi Bakanl\u0131\u011f\u0131n\u0131n y\u00f6nlendirmeleriyle 330 binan\u0131n hasar tespitini tamamlad\u0131. T\u00fcm T\u00fcrkiye\u2019yi derinden yaralayan depremin ilk g\u00fcn\u00fcnden itibaren imk\u00e2nlar\u0131n\u0131 seferber eden Turhal Belediyesi, 10 ili etkileyen deprem b\u00f6lgesinde incelemelerde ve hasar tespitinde bulunmak amac\u0131yla in\u015faat m\u00fchendisi ve in\u015faat teknikerinden [&hellip;]<\/p>\n","protected":false},"author":2,"featured_media":848,"comment_status":"open","ping_status":"open","sticky":false,"template":"","format":"standard","meta":{"footnotes":""},"categories":[1],"tags":[],"class_list":["post-847","post","type-post","status-publish","format-standard","has-post-thumbnail","hentry","category-turhal-haberleri"],"_links":{"self":[{"href":"https:\/\/www.turhalhakimiyet.com\/index.php\/wp-json\/wp\/v2\/posts\/847","targetHints":{"allow":["GET"]}}],"collection":[{"href":"https:\/\/www.turhalhakimiyet.com\/index.php\/wp-json\/wp\/v2\/posts"}],"about":[{"href":"https:\/\/www.turhalhakimiyet.com\/index.php\/wp-json\/wp\/v2\/types\/post"}],"author":[{"embeddable":true,"href":"https:\/\/www.turhalhakimiyet.com\/index.php\/wp-json\/wp\/v2\/users\/2"}],"replies":[{"embeddable":true,"href":"https:\/\/www.turhalhakimiyet.com\/index.php\/wp-json\/wp\/v2\/comments?post=847"}],"version-history":[{"count":1,"href":"https:\/\/www.turhalhakimiyet.com\/index.php\/wp-json\/wp\/v2\/posts\/847\/revisions"}],"predecessor-version":[{"id":849,"href":"https:\/\/www.turhalhakimiyet.com\/index.php\/wp-json\/wp\/v2\/posts\/847\/revisions\/849"}],"wp:featuredmedia":[{"embeddable":true,"href":"https:\/\/www.turhalhakimiyet.com\/index.php\/wp-json\/wp\/v2\/media\/848"}],"wp:attachment":[{"href":"https:\/\/www.turhalhakimiyet.com\/index.php\/wp-json\/wp\/v2\/media?parent=847"}],"wp:term":[{"taxonomy":"category","embeddable":true,"href":"https:\/\/www.turhalhakimiyet.com\/index.php\/wp-json\/wp\/v2\/categories?post=847"},{"taxonomy":"post_tag","embeddable":true,"href":"https:\/\/www.turhalhakimiyet.com\/index.php\/wp-json\/wp\/v2\/tags?post=847"}],"curies":[{"name":"wp","href":"https:\/\/api.w.org\/{rel}","templated":true}]}}