{"id":850,"date":"2023-03-03T15:24:37","date_gmt":"2023-03-03T12:24:37","guid":{"rendered":"https:\/\/www.turhalhakimiyet.com\/?p=850"},"modified":"2023-03-03T15:24:37","modified_gmt":"2023-03-03T12:24:37","slug":"tokat-ile-golbasi-kardes-sehir-oldu","status":"publish","type":"post","link":"https:\/\/www.turhalhakimiyet.com\/index.php\/tokat-ile-golbasi-kardes-sehir-oldu\/","title":{"rendered":"TOKAT \u0130LE G\u00d6LBA\u015eI KARDE\u015e \u015eEH\u0130R OLDU"},"content":{"rendered":"\n<p>Ad\u0131yaman\u2019\u0131n G\u00f6lba\u015f\u0131 il\u00e7esi ile Karde\u015f \u015eehir olma karar\u0131 al\u0131nd\u0131.<\/p>\n\n\n\n<p>Tokat Belediyesi Mart Ay\u0131 Ola\u011fan Meclis Toplant\u0131s\u0131\u2019nda, \u2018Asr\u0131n Felaketi\u2019 olarak nitelendirilen depremin en \u00e7ok etkilendi\u011fi yerle\u015fim yerlerinden biri olan Ad\u0131yaman\u2019\u0131n G\u00f6lba\u015f\u0131 il\u00e7esi ile Karde\u015f \u015eehir olma karar\u0131 al\u0131nd\u0131. Tokat Belediyesi Meclis Toplant\u0131s\u0131nda al\u0131nan karar\u0131n ard\u0131ndan G\u00f6lba\u015f\u0131 Belediyesinin de \u00f6n\u00fcm\u00fczdeki hafta yapaca\u011f\u0131 meclis toplant\u0131s\u0131nda Tokat ile \u2018Karde\u015f \u015eehir\u2019 olmas\u0131 karar\u0131 alacak. Al\u0131nan kararlarla iki \u015fehir \u2018Karde\u015f \u015eehir\u2019 olacak.<\/p>\n\n\n\n<p><strong>KURULAN BA\u011e KARDE\u015eL\u0130\u011eE ULA\u015eTI<\/strong><\/p>\n\n\n\n<p>6 \u015eubat Kahramanmara\u015f Pazarc\u0131k merkezli 7,7 b\u00fcy\u00fckl\u00fc\u011f\u00fcnde meydana gelen depremin en \u00e7ok etkiledi\u011fi yerle\u015fim yerlerinden biri olan Ad\u0131yaman\u2019\u0131n G\u00f6lba\u015f\u0131 il\u00e7esinin yaralar\u0131n\u0131 sarma g\u00f6revi Tokat\u2019a d\u00fc\u015fm\u00fc\u015ft\u00fc. Depremin \u00fczerinden ge\u00e7en 24 g\u00fcnde Tokat\u2019\u0131n kamu kurulu\u015flar\u0131 ve Tokat halk\u0131n\u0131n seferberli\u011fi ile geli\u015fen s\u00fcre\u00e7te Tokat ili ile G\u00f6lba\u015f\u0131 il\u00e7esi aras\u0131nda kurulan ba\u011f \u2018Karde\u015f \u015eehir\u2019 olma karar\u0131na ula\u015ft\u0131.<\/p>\n\n\n\n<p><strong>B\u0130RL\u0130K VE BERABERL\u0130\u011e\u0130M\u0130Z\u0130 GELECE\u011eE TA\u015eIYORUZ<\/strong><\/p>\n\n\n\n<p>Belediye Meclisinde al\u0131nan karar ile hakk\u0131nda bilgi veren Tokat Belediye Ba\u015fkan\u0131 Ey\u00fcp Ero\u011flu \u201cBir vefa \u00f6rne\u011fini ortaya koymak, g\u00f6revli oldu\u011fumuz G\u00f6lba\u015f\u0131 il\u00e7esi ile dostlu\u011fumuzu k\u0131yamete kadar devam ettirmek i\u00e7in \u2018Karde\u015f \u015eehir\u2019 karar\u0131 ald\u0131k. Biz burada meclis toplant\u0131m\u0131zda \u2018Karde\u015f \u015eehir\u2019 karar\u0131n\u0131 alarak tescilledik. \u00d6n\u00fcm\u00fczdeki hafta Sal\u0131 g\u00fcn\u00fc G\u00f6lba\u015f\u0131 Belediyesi de belediye meclis toplant\u0131s\u0131nda bu karar\u0131 alarak tescilleyecekler. Tokat ile G\u00f6lba\u015f\u0131 karde\u015fli\u011fini belediye meclislerinin ald\u0131\u011f\u0131 kararla resmile\u015ftirmi\u015f olaca\u011f\u0131z. Birlik ve beraberli\u011fini gelece\u011fe ta\u015f\u0131yacak iki tane \u015fehir olacak\u201d dedi.&nbsp; Ba\u015fkan Ero\u011flu her iki belediyenin kar\u015f\u0131l\u0131kl\u0131 olarak bir caddeye \u015fehirlerin isimlerini verece\u011fini s\u00f6zlerine ekledi.<\/p>\n\n\n\n<p><strong>EN B\u00dcY\u00dcK CADDEYE TOKAT CADDES\u0130 ADINI VERECE\u011e\u0130Z<\/strong><\/p>\n\n\n\n<p>Tokat Belediyesi Mart Ay\u0131 Ola\u011fan Meclis Toplant\u0131s\u0131na telefonla ba\u011flanan Ad\u0131yaman G\u00f6lba\u015f\u0131 Belediye Ba\u015fkan\u0131 \u0130skender Y\u0131ld\u0131r\u0131m \u201cDepremin birinci g\u00fcn\u00fcnden beri b\u00fct\u00fcn Tokat\u2019\u0131n, Tokat Belediyesinin, vatanda\u015flar\u0131n bizim i\u00e7in yapt\u0131klar\u0131 kar\u015f\u0131s\u0131nda hakikaten inan\u0131n ne diyece\u011fimi bilemiyorum. Depremin ilk g\u00fcn\u00fcnden bu yana Ey\u00fcp Ba\u015fkan\u0131m, Ba\u015fkan Yard\u0131mc\u0131s\u0131 Osman Bey ve Tokat Belediyesi personellerinin cansiperane \u00e7al\u0131\u015fmalar\u0131 olmasayd\u0131 bu durumda biz bu i\u015fin alt\u0131ndan kalkamazd\u0131k. G\u00f6lba\u015f\u0131 olarak bu i\u015fin alt\u0131ndan kalkmam\u0131z m\u00fcmk\u00fcn de\u011fil, \u00e7ok b\u00fcy\u00fck fedak\u00e2rl\u0131klar g\u00f6rd\u00fck. Sizler bizlere \u00f6m\u00fcr boyu \u00e7ok g\u00fczel bir karde\u015fsiniz. Hepinize G\u00f6lba\u015f\u0131 ad\u0131na b\u00fcy\u00fck \u015f\u00fckranlar\u0131m\u0131 sunuyorum. Bizler de g\u00f6r\u00fc\u015fmelerimizi ger\u00e7ekle\u015ftirdik. Bizler de Tokat \u2018\u0131 \u2018Karde\u015f Belediye\u2019 daha do\u011frusu a\u011fabey olarak g\u00f6rmek istiyoruz. Bununla birlikte G\u00f6lba\u015f\u0131\u2019nda da en b\u00fcy\u00fck caddeye Tokat Caddesi ad\u0131n\u0131 verece\u011fiz \u201d diye konu\u015ftu.<\/p>\n","protected":false},"excerpt":{"rendered":"<p>Ad\u0131yaman\u2019\u0131n G\u00f6lba\u015f\u0131 il\u00e7esi ile Karde\u015f \u015eehir olma karar\u0131 al\u0131nd\u0131. Tokat Belediyesi Mart Ay\u0131 Ola\u011fan Meclis Toplant\u0131s\u0131\u2019nda, \u2018Asr\u0131n Felaketi\u2019 olarak nitelendirilen depremin en \u00e7ok etkilendi\u011fi yerle\u015fim yerlerinden biri olan Ad\u0131yaman\u2019\u0131n G\u00f6lba\u015f\u0131 il\u00e7esi ile Karde\u015f \u015eehir olma karar\u0131 al\u0131nd\u0131. Tokat Belediyesi Meclis Toplant\u0131s\u0131nda al\u0131nan karar\u0131n ard\u0131ndan G\u00f6lba\u015f\u0131 Belediyesinin de \u00f6n\u00fcm\u00fczdeki hafta yapaca\u011f\u0131 meclis toplant\u0131s\u0131nda Tokat ile \u2018Karde\u015f [&hellip;]<\/p>\n","protected":false},"author":2,"featured_media":851,"comment_status":"open","ping_status":"open","sticky":false,"template":"","format":"standard","meta":{"footnotes":""},"categories":[1],"tags":[],"class_list":["post-850","post","type-post","status-publish","format-standard","has-post-thumbnail","hentry","category-turhal-haberleri"],"_links":{"self":[{"href":"https:\/\/www.turhalhakimiyet.com\/index.php\/wp-json\/wp\/v2\/posts\/850","targetHints":{"allow":["GET"]}}],"collection":[{"href":"https:\/\/www.turhalhakimiyet.com\/index.php\/wp-json\/wp\/v2\/posts"}],"about":[{"href":"https:\/\/www.turhalhakimiyet.com\/index.php\/wp-json\/wp\/v2\/types\/post"}],"author":[{"embeddable":true,"href":"https:\/\/www.turhalhakimiyet.com\/index.php\/wp-json\/wp\/v2\/users\/2"}],"replies":[{"embeddable":true,"href":"https:\/\/www.turhalhakimiyet.com\/index.php\/wp-json\/wp\/v2\/comments?post=850"}],"version-history":[{"count":1,"href":"https:\/\/www.turhalhakimiyet.com\/index.php\/wp-json\/wp\/v2\/posts\/850\/revisions"}],"predecessor-version":[{"id":852,"href":"https:\/\/www.turhalhakimiyet.com\/index.php\/wp-json\/wp\/v2\/posts\/850\/revisions\/852"}],"wp:featuredmedia":[{"embeddable":true,"href":"https:\/\/www.turhalhakimiyet.com\/index.php\/wp-json\/wp\/v2\/media\/851"}],"wp:attachment":[{"href":"https:\/\/www.turhalhakimiyet.com\/index.php\/wp-json\/wp\/v2\/media?parent=850"}],"wp:term":[{"taxonomy":"category","embeddable":true,"href":"https:\/\/www.turhalhakimiyet.com\/index.php\/wp-json\/wp\/v2\/categories?post=850"},{"taxonomy":"post_tag","embeddable":true,"href":"https:\/\/www.turhalhakimiyet.com\/index.php\/wp-json\/wp\/v2\/tags?post=850"}],"curies":[{"name":"wp","href":"https:\/\/api.w.org\/{rel}","templated":true}]}}