{"id":853,"date":"2023-03-03T15:26:57","date_gmt":"2023-03-03T12:26:57","guid":{"rendered":"https:\/\/www.turhalhakimiyet.com\/?p=853"},"modified":"2023-03-03T15:26:57","modified_gmt":"2023-03-03T12:26:57","slug":"tokat-belediye-meclisi-karar-aldi-toplu-tasima-depremzedeler-icin-ucretsiz","status":"publish","type":"post","link":"https:\/\/www.turhalhakimiyet.com\/index.php\/tokat-belediye-meclisi-karar-aldi-toplu-tasima-depremzedeler-icin-ucretsiz\/","title":{"rendered":"TOKAT BELED\u0130YE MECL\u0130S\u0130 KARAR ALDI, TOPLU TA\u015eIMA DEPREMZEDELER \u0130\u00c7\u0130N \u00dcCRETS\u0130Z"},"content":{"rendered":"\n<p>Tokat Belediyesi Mart Ay\u0131 Meclis Toplant\u0131s\u0131nda, Tokat\u2019ta misafir olan depremzedelerin \u015fehir i\u00e7i toplu ta\u015f\u0131ma hizmetinden \u00fccretsiz olarak faydalanmas\u0131na oybirli\u011fi ile karar verildi.<\/p>\n\n\n\n<p>Depremzedelerin toplu ta\u015f\u0131madan \u00fccretsiz olarak yararlanmas\u0131 hakk\u0131nda verdikleri karar hakk\u0131nda bilgi veren Tokat Belediye Ba\u015fkan\u0131 Ey\u00fcp Ero\u011flu \u201cAsr\u0131n felaketinin \u00fczerinden yirmi d\u00f6rt g\u00fcn ge\u00e7ti. Ac\u0131lar\u0131m\u0131z halen y\u00fcreklerimizde tazeli\u011fini koruyor. Ama bir taraftan da yaralar \u00e7ok h\u0131zl\u0131 bir \u015fekilde sar\u0131l\u0131yor. Devletimiz milletimiz bu yaralar\u0131 \u00e7ok h\u0131zl\u0131 bir \u015fekilde onar\u0131yor. \u0130nan\u0131yorum ki \u00e7ok k\u0131sa zaman i\u00e7erisinde \u015fehirlerimizin eski haline d\u00f6n\u00fc\u015fmesi ger\u00e7ekle\u015fecektir. Deprem b\u00f6lgesinden yeni geldim ve oradaki yaralar\u0131 sarmaya \u00e7al\u0131\u015f\u0131yoruz. Bug\u00fcn meclis toplant\u0131m\u0131zda Tokat\u2019ta misafir etti\u011fimiz depremzedelerimiz i\u00e7in \u00f6nemli kararlar ald\u0131k. Tokat il merkezimizde 7 bin civar\u0131nda depremzede karde\u015fimizi misafir ediyoruz. Ald\u0131\u011f\u0131m\u0131z \u00f6nemli yard\u0131m kararlar\u0131ndan biri misafir depremzedelerimiz i\u00e7in \u015fehir i\u00e7i toplu ta\u015f\u0131ma ara\u00e7lar\u0131ndan \u00fccreti belediyemiz taraf\u0131ndan kar\u015f\u0131lanarak \u00fccretsiz olarak faydalanmalar\u0131d\u0131r. Belediye meclisimizde bulunan b\u00fct\u00fcn partilerin temsilcilerinin oy birli\u011fiyle bu karar\u0131 ald\u0131k. Biz yard\u0131m edenlerin \u015fehri Tokat\u2019\u0131n evlatlar\u0131y\u0131z. Bize de burada yard\u0131m g\u00f6revi d\u00fc\u015fer. Darda olana zorda olana elbirli\u011fiyle yard\u0131m etmek d\u00fc\u015fer. Karar\u0131 oybirli\u011fiyle destekleyen b\u00fct\u00fcn meclis \u00fcyelerimize te\u015fekk\u00fcr ediyorum. Rabbim bir daha \u00fclkemize b\u00f6yle bir afet ya\u015fatmas\u0131n\u201d dedi.<\/p>\n\n\n\n<p>Tokat Belediye s\u0131n\u0131rlar\u0131 i\u00e7erisinde ge\u00e7ici olarak ikamet eden misafir depremzedelerin toplu ta\u015f\u0131ma ara\u00e7lar\u0131ndan \u00fccretsiz olarak yararlanmas\u0131n\u0131 sa\u011flayan kararla birlikte Afad taraf\u0131ndan verilen belgeye sahip olan depremzedeler, belgeleri ile birlikte Tokart B\u00fcrosuna \u015fahsen ba\u015fvurarak bu hizmetten faydalanmaya ba\u015flayacak.&nbsp;&nbsp;&nbsp;&nbsp;&nbsp;&nbsp;&nbsp;&nbsp;&nbsp;&nbsp;<\/p>\n\n\n\n<p>Misafir Kart ad\u0131yla y\u00fcr\u00fcrl\u00fc\u011fe giren uygulamada kartlar Tokart taraf\u0131ndan aile reisine teslim edilecek ve bu kartlar\u0131 AFAD taraf\u0131ndan belirlenen isimleri yaz\u0131l\u0131 olan aile bireyleri \u00fccretsiz olarak kullanabilecek. Misafir Kart her ay Tokart B\u00fcrosunda vize i\u015flemleri yenilenerek kullan\u0131lmaya devam edilecek. Kooperatiflere verilen liste d\u0131\u015f\u0131nda kalan ve listede ismi olmayan depremzedelerin de AFAD Belgesi olmak \u015fart\u0131yla kay\u0131tlar\u0131 yap\u0131l\u0131p uygulamadan faydalanabilecekleri \u00f6\u011frenildi.<\/p>\n","protected":false},"excerpt":{"rendered":"<p>Tokat Belediyesi Mart Ay\u0131 Meclis Toplant\u0131s\u0131nda, Tokat\u2019ta misafir olan depremzedelerin \u015fehir i\u00e7i toplu ta\u015f\u0131ma hizmetinden \u00fccretsiz olarak faydalanmas\u0131na oybirli\u011fi ile karar verildi. Depremzedelerin toplu ta\u015f\u0131madan \u00fccretsiz olarak yararlanmas\u0131 hakk\u0131nda verdikleri karar hakk\u0131nda bilgi veren Tokat Belediye Ba\u015fkan\u0131 Ey\u00fcp Ero\u011flu \u201cAsr\u0131n felaketinin \u00fczerinden yirmi d\u00f6rt g\u00fcn ge\u00e7ti. Ac\u0131lar\u0131m\u0131z halen y\u00fcreklerimizde tazeli\u011fini koruyor. Ama bir taraftan da [&hellip;]<\/p>\n","protected":false},"author":2,"featured_media":854,"comment_status":"open","ping_status":"open","sticky":false,"template":"","format":"standard","meta":{"footnotes":""},"categories":[1],"tags":[],"class_list":["post-853","post","type-post","status-publish","format-standard","has-post-thumbnail","hentry","category-turhal-haberleri"],"_links":{"self":[{"href":"https:\/\/www.turhalhakimiyet.com\/index.php\/wp-json\/wp\/v2\/posts\/853","targetHints":{"allow":["GET"]}}],"collection":[{"href":"https:\/\/www.turhalhakimiyet.com\/index.php\/wp-json\/wp\/v2\/posts"}],"about":[{"href":"https:\/\/www.turhalhakimiyet.com\/index.php\/wp-json\/wp\/v2\/types\/post"}],"author":[{"embeddable":true,"href":"https:\/\/www.turhalhakimiyet.com\/index.php\/wp-json\/wp\/v2\/users\/2"}],"replies":[{"embeddable":true,"href":"https:\/\/www.turhalhakimiyet.com\/index.php\/wp-json\/wp\/v2\/comments?post=853"}],"version-history":[{"count":1,"href":"https:\/\/www.turhalhakimiyet.com\/index.php\/wp-json\/wp\/v2\/posts\/853\/revisions"}],"predecessor-version":[{"id":855,"href":"https:\/\/www.turhalhakimiyet.com\/index.php\/wp-json\/wp\/v2\/posts\/853\/revisions\/855"}],"wp:featuredmedia":[{"embeddable":true,"href":"https:\/\/www.turhalhakimiyet.com\/index.php\/wp-json\/wp\/v2\/media\/854"}],"wp:attachment":[{"href":"https:\/\/www.turhalhakimiyet.com\/index.php\/wp-json\/wp\/v2\/media?parent=853"}],"wp:term":[{"taxonomy":"category","embeddable":true,"href":"https:\/\/www.turhalhakimiyet.com\/index.php\/wp-json\/wp\/v2\/categories?post=853"},{"taxonomy":"post_tag","embeddable":true,"href":"https:\/\/www.turhalhakimiyet.com\/index.php\/wp-json\/wp\/v2\/tags?post=853"}],"curies":[{"name":"wp","href":"https:\/\/api.w.org\/{rel}","templated":true}]}}