{"id":856,"date":"2023-03-03T15:31:59","date_gmt":"2023-03-03T12:31:59","guid":{"rendered":"https:\/\/www.turhalhakimiyet.com\/?p=856"},"modified":"2023-03-03T15:31:59","modified_gmt":"2023-03-03T12:31:59","slug":"togunun-altinci-yardim-araci-yola-cikti","status":"publish","type":"post","link":"https:\/\/www.turhalhakimiyet.com\/index.php\/togunun-altinci-yardim-araci-yola-cikti\/","title":{"rendered":"TOG\u00dc\u2019N\u00dcN ALTINCI YARDIM ARACI YOLA \u00c7IKTI"},"content":{"rendered":"\n<p>Tokat Gaziosmanpa\u015fa \u00dcniversitesi taraf\u0131ndan her hafta deprem b\u00f6lgesine g\u00f6nderilen yard\u0131m ara\u00e7lar\u0131n\u0131n alt\u0131nc\u0131s\u0131 Ad\u0131yaman\u2019\u0131n G\u00f6lba\u015f\u0131 il\u00e7esine u\u011furland\u0131.<\/p>\n\n\n\n<p>\u00a0Tokat Gaziosmanpa\u015fa \u00dcniversitesi taraf\u0131ndan her hafta deprem b\u00f6lgesine g\u00f6nderilen\u00a0yard\u0131m ara\u00e7lar\u0131n\u0131n alt\u0131nc\u0131s\u0131 Ad\u0131yaman\u2019\u0131n G\u00f6lba\u015f\u0131 il\u00e7esine u\u011furland\u0131. Ara\u00e7ta haftal\u0131k\u00a0  olarakde\u011fi\u015ftirilen 7\u2019si mutfak 2\u2019si\u00a0 destek \u00a0olmak \u00fczere 9 yard\u0131m\u00a0personel\u00a0yer ald\u0131. Ayr\u0131ca \u00e7e\u015fitli\u00a0 g\u0131da malzemeleri de yard\u0131m arac\u0131yla\u00a0 birlikte \u00a0b\u00f6lgeye g\u00f6nderildi.<\/p>\n\n\n\n<p>TOG\u00dc Rekt\u00f6r\u00fc Prof. Dr. Fatih Y\u0131lmaz, n\u00f6beti devralmaya giden personele yapm\u0131\u015f olduklar\u0131 katk\u0131lardan dolay\u0131 te\u015fekk\u00fcrlerini iletti. Akabinde alt\u0131nc\u0131 yard\u0131m arac\u0131\u00a0deprem b\u00f6lgesiolan Ad\u0131yaman G\u00f6lba\u015f\u0131\u2019ya u\u011furland\u0131. U\u011furlamaya Rekt\u00f6r Prof. Dr. Fatih Y\u0131lmaz, Rekt\u00f6r yard\u0131mc\u0131lar\u0131 Prof. Dr. M\u00fccahit E\u011fri, Prof. Dr. Rasim Ko\u00e7yi\u011fit, Rekt\u00f6r Dan\u0131\u015fmanlar\u0131 Do\u00e7. Dr. Yusuf Temur, Dr. \u00d6\u011fr. \u00dcyesi \u015eahin S\u00f6zen ve personel kat\u0131ld\u0131<\/p>\n","protected":false},"excerpt":{"rendered":"<p>Tokat Gaziosmanpa\u015fa \u00dcniversitesi taraf\u0131ndan her hafta deprem b\u00f6lgesine g\u00f6nderilen yard\u0131m ara\u00e7lar\u0131n\u0131n alt\u0131nc\u0131s\u0131 Ad\u0131yaman\u2019\u0131n G\u00f6lba\u015f\u0131 il\u00e7esine u\u011furland\u0131. \u00a0Tokat Gaziosmanpa\u015fa \u00dcniversitesi taraf\u0131ndan her hafta deprem b\u00f6lgesine g\u00f6nderilen\u00a0yard\u0131m ara\u00e7lar\u0131n\u0131n alt\u0131nc\u0131s\u0131 Ad\u0131yaman\u2019\u0131n G\u00f6lba\u015f\u0131 il\u00e7esine u\u011furland\u0131. Ara\u00e7ta haftal\u0131k\u00a0 olarakde\u011fi\u015ftirilen 7\u2019si mutfak 2\u2019si\u00a0 destek \u00a0olmak \u00fczere 9 yard\u0131m\u00a0personel\u00a0yer ald\u0131. Ayr\u0131ca \u00e7e\u015fitli\u00a0 g\u0131da malzemeleri de yard\u0131m arac\u0131yla\u00a0 birlikte \u00a0b\u00f6lgeye g\u00f6nderildi. TOG\u00dc Rekt\u00f6r\u00fc [&hellip;]<\/p>\n","protected":false},"author":2,"featured_media":857,"comment_status":"open","ping_status":"open","sticky":false,"template":"","format":"standard","meta":{"footnotes":""},"categories":[1],"tags":[],"class_list":["post-856","post","type-post","status-publish","format-standard","has-post-thumbnail","hentry","category-turhal-haberleri"],"_links":{"self":[{"href":"https:\/\/www.turhalhakimiyet.com\/index.php\/wp-json\/wp\/v2\/posts\/856","targetHints":{"allow":["GET"]}}],"collection":[{"href":"https:\/\/www.turhalhakimiyet.com\/index.php\/wp-json\/wp\/v2\/posts"}],"about":[{"href":"https:\/\/www.turhalhakimiyet.com\/index.php\/wp-json\/wp\/v2\/types\/post"}],"author":[{"embeddable":true,"href":"https:\/\/www.turhalhakimiyet.com\/index.php\/wp-json\/wp\/v2\/users\/2"}],"replies":[{"embeddable":true,"href":"https:\/\/www.turhalhakimiyet.com\/index.php\/wp-json\/wp\/v2\/comments?post=856"}],"version-history":[{"count":1,"href":"https:\/\/www.turhalhakimiyet.com\/index.php\/wp-json\/wp\/v2\/posts\/856\/revisions"}],"predecessor-version":[{"id":858,"href":"https:\/\/www.turhalhakimiyet.com\/index.php\/wp-json\/wp\/v2\/posts\/856\/revisions\/858"}],"wp:featuredmedia":[{"embeddable":true,"href":"https:\/\/www.turhalhakimiyet.com\/index.php\/wp-json\/wp\/v2\/media\/857"}],"wp:attachment":[{"href":"https:\/\/www.turhalhakimiyet.com\/index.php\/wp-json\/wp\/v2\/media?parent=856"}],"wp:term":[{"taxonomy":"category","embeddable":true,"href":"https:\/\/www.turhalhakimiyet.com\/index.php\/wp-json\/wp\/v2\/categories?post=856"},{"taxonomy":"post_tag","embeddable":true,"href":"https:\/\/www.turhalhakimiyet.com\/index.php\/wp-json\/wp\/v2\/tags?post=856"}],"curies":[{"name":"wp","href":"https:\/\/api.w.org\/{rel}","templated":true}]}}