{"id":862,"date":"2023-03-06T14:57:22","date_gmt":"2023-03-06T11:57:22","guid":{"rendered":"https:\/\/www.turhalhakimiyet.com\/?p=862"},"modified":"2023-03-06T14:57:22","modified_gmt":"2023-03-06T11:57:22","slug":"baskan-eroglunun-kandil-mesaji","status":"publish","type":"post","link":"https:\/\/www.turhalhakimiyet.com\/index.php\/baskan-eroglunun-kandil-mesaji\/","title":{"rendered":"BA\u015eKAN ERO\u011eLU&#8217;NUN KAND\u0130L MESAJI"},"content":{"rendered":"\n<p>Tokat Belediye Ba\u015fkan\u0131 Ey\u00fcp Ero\u011flu Berat Kandili m\u00fcnasebetiyle bir mesaj yay\u0131mlad\u0131.<\/p>\n\n\n\n<p>Tokat Belediye Ba\u015fkan\u0131 Ey\u00fcp Ero\u011flu yay\u0131mlad\u0131\u011f\u0131 Berat Kandili mesaj\u0131nda \u201cYa\u015fad\u0131\u011f\u0131m\u0131z b\u00fcy\u00fck deprem ve depremde kaybetti\u011fimiz karde\u015flerimizin yas\u0131yla i\u00e7imiz buruk, kalbimiz h\u00fcz\u00fcnl\u00fc olarak kavu\u015ftu\u011fumuz Berat Kandilinin, bu m\u00fcbarek gecenin mahiyetinde de yer alan \u00fcmitlerin yeniden filizlenmesine vesile olmas\u0131n\u0131 Y\u00fcce Rabbimden niyaz ediyorum. Rabbimizin \u0130n\u015firah Suresi\u2019nde buyurdu\u011fu \u2018Her zorlukla beraber bir kolayl\u0131k vard\u0131r, muhakkak her zorlukla beraber bir kolayl\u0131k vard\u0131r\u2019 ayeti kerimesi mucibince, selim bir kalple ilk g\u00fcnden bug\u00fcne, devlet ve millet olarak g\u00f6sterdi\u011fimiz gayretle devam ederek karde\u015flerimizin umutlar\u0131n\u0131 yeniden ye\u015fertmek en m\u00fchim vazifemizdir. Bu duygu ve d\u00fc\u015f\u00fcncelerle B\u00fct\u00fcn \u0130slam \u00c2leminin, Aziz milletimizin, depremzede karde\u015flerimizin, hamiyetperver Tokatl\u0131 hem\u015ferilerimizin m\u00fcbarek Berat Kandili\u2019ni tebrik ederim\u201d dedi. &nbsp;&nbsp;<\/p>\n","protected":false},"excerpt":{"rendered":"<p>Tokat Belediye Ba\u015fkan\u0131 Ey\u00fcp Ero\u011flu Berat Kandili m\u00fcnasebetiyle bir mesaj yay\u0131mlad\u0131. Tokat Belediye Ba\u015fkan\u0131 Ey\u00fcp Ero\u011flu yay\u0131mlad\u0131\u011f\u0131 Berat Kandili mesaj\u0131nda \u201cYa\u015fad\u0131\u011f\u0131m\u0131z b\u00fcy\u00fck deprem ve depremde kaybetti\u011fimiz karde\u015flerimizin yas\u0131yla i\u00e7imiz buruk, kalbimiz h\u00fcz\u00fcnl\u00fc olarak kavu\u015ftu\u011fumuz Berat Kandilinin, bu m\u00fcbarek gecenin mahiyetinde de yer alan \u00fcmitlerin yeniden filizlenmesine vesile olmas\u0131n\u0131 Y\u00fcce Rabbimden niyaz ediyorum. Rabbimizin \u0130n\u015firah Suresi\u2019nde [&hellip;]<\/p>\n","protected":false},"author":2,"featured_media":863,"comment_status":"open","ping_status":"open","sticky":false,"template":"","format":"standard","meta":{"footnotes":""},"categories":[1],"tags":[],"class_list":["post-862","post","type-post","status-publish","format-standard","has-post-thumbnail","hentry","category-turhal-haberleri"],"_links":{"self":[{"href":"https:\/\/www.turhalhakimiyet.com\/index.php\/wp-json\/wp\/v2\/posts\/862","targetHints":{"allow":["GET"]}}],"collection":[{"href":"https:\/\/www.turhalhakimiyet.com\/index.php\/wp-json\/wp\/v2\/posts"}],"about":[{"href":"https:\/\/www.turhalhakimiyet.com\/index.php\/wp-json\/wp\/v2\/types\/post"}],"author":[{"embeddable":true,"href":"https:\/\/www.turhalhakimiyet.com\/index.php\/wp-json\/wp\/v2\/users\/2"}],"replies":[{"embeddable":true,"href":"https:\/\/www.turhalhakimiyet.com\/index.php\/wp-json\/wp\/v2\/comments?post=862"}],"version-history":[{"count":1,"href":"https:\/\/www.turhalhakimiyet.com\/index.php\/wp-json\/wp\/v2\/posts\/862\/revisions"}],"predecessor-version":[{"id":864,"href":"https:\/\/www.turhalhakimiyet.com\/index.php\/wp-json\/wp\/v2\/posts\/862\/revisions\/864"}],"wp:featuredmedia":[{"embeddable":true,"href":"https:\/\/www.turhalhakimiyet.com\/index.php\/wp-json\/wp\/v2\/media\/863"}],"wp:attachment":[{"href":"https:\/\/www.turhalhakimiyet.com\/index.php\/wp-json\/wp\/v2\/media?parent=862"}],"wp:term":[{"taxonomy":"category","embeddable":true,"href":"https:\/\/www.turhalhakimiyet.com\/index.php\/wp-json\/wp\/v2\/categories?post=862"},{"taxonomy":"post_tag","embeddable":true,"href":"https:\/\/www.turhalhakimiyet.com\/index.php\/wp-json\/wp\/v2\/tags?post=862"}],"curies":[{"name":"wp","href":"https:\/\/api.w.org\/{rel}","templated":true}]}}