{"id":865,"date":"2023-03-06T15:01:55","date_gmt":"2023-03-06T12:01:55","guid":{"rendered":"https:\/\/www.turhalhakimiyet.com\/?p=865"},"modified":"2023-03-06T15:01:55","modified_gmt":"2023-03-06T12:01:55","slug":"togude-2023-yili-asili-asma-fidani-uretimi-basladi","status":"publish","type":"post","link":"https:\/\/www.turhalhakimiyet.com\/index.php\/togude-2023-yili-asili-asma-fidani-uretimi-basladi\/","title":{"rendered":"TOG\u00dc\u2019DE  2023 YILI A\u015eILI ASMA F\u0130DANI \u00dcRET\u0130M\u0130 BA\u015eLADI"},"content":{"rendered":"\n<p>TOG\u00dc Ziraat Fak\u00fcltesinde a\u015f\u0131l\u0131 asma fidan\u0131 \u00fcretiminde 13. y\u0131l \u00fcretim faaliyetlerine 6 Mart 2023 de\u00a0 ba\u015flad\u0131. Asma fidan\u0131 \u00fcretim \u00fcnitesinde \u00fcretim sezonun ilk g\u00fcn\u00fcnde Rekt\u00f6r Prof. Dr. Fatih YILMAZ a\u015f\u0131lama \u00fcnitesini ziyaret etti. Do\u00e7. Dr. Adem YA\u011eCI Tokat Valili\u011fi \u0130l \u00d6zel \u0130dare\u00a0 taraf\u0131ndan da desteklenen asma fidan\u0131 \u00fcretim projesi hakk\u0131nda bilgi verdi.\u00a0\u00a0\u201cTokat Ba\u011flar\u0131 Mikorizal\u0131 Asma Fidanlar\u0131 ile bulu\u015fuyor\u00a0\u201c proje kapsam\u0131nda 10.000 adet t\u00fcpl\u00fc a\u015f\u0131l\u0131 asma fidan\u0131n\u0131n \u00fcretilece\u011fi, fidanlar\u0131n Haziran ortalar\u0131nda\u00a0 b\u00f6lge \u00fcreticiyle bulu\u015faca\u011f\u0131n\u0131 bildirdi. Do\u00e7. Dr. YA\u011eCI, Proje kapsam\u0131nda 2023 y\u0131l\u0131nda, a\u011f\u0131rl\u0131kl\u0131\u00a0 olarak b\u00f6lgeye has Narince,\u00a0\u00a0Boduro\u011flu, Topba\u015f, Kokulu \u00c7avu\u015f \u00e7e\u015fitleri ile birlikte Trakya\u00a0\u0130lkeren, Superior Seedless, Alphonse Lavall\u00e8e ve Mevlana \u00fcz\u00fcm\u00a0\u00e7e\u015fitlerine ait fidanlar \u00fcretildi\u011fini ifade etmi\u015ftir. Asma fidanlar\u0131n\u0131n Haziran ay\u0131 ortalar\u0131nda \u00fcreticilerimizle bulu\u015fmas\u0131 hedefleniyor.<\/p>\n\n\n\n<p>Rekt\u00f6r Prof. Dr. Fatih YILMAZ, sezon a\u00e7\u0131l\u0131\u015f\u0131nda sembolik olarak a\u015f\u0131 yaparak proje ekibini tebrik etti.<\/p>\n","protected":false},"excerpt":{"rendered":"<p>TOG\u00dc Ziraat Fak\u00fcltesinde a\u015f\u0131l\u0131 asma fidan\u0131 \u00fcretiminde 13. y\u0131l \u00fcretim faaliyetlerine 6 Mart 2023 de\u00a0 ba\u015flad\u0131. Asma fidan\u0131 \u00fcretim \u00fcnitesinde \u00fcretim sezonun ilk g\u00fcn\u00fcnde Rekt\u00f6r Prof. Dr. Fatih YILMAZ a\u015f\u0131lama \u00fcnitesini ziyaret etti. Do\u00e7. Dr. Adem YA\u011eCI Tokat Valili\u011fi \u0130l \u00d6zel \u0130dare\u00a0 taraf\u0131ndan da desteklenen asma fidan\u0131 \u00fcretim projesi hakk\u0131nda bilgi verdi.\u00a0\u00a0\u201cTokat Ba\u011flar\u0131 Mikorizal\u0131 Asma [&hellip;]<\/p>\n","protected":false},"author":2,"featured_media":866,"comment_status":"open","ping_status":"open","sticky":false,"template":"","format":"standard","meta":{"footnotes":""},"categories":[1],"tags":[],"class_list":["post-865","post","type-post","status-publish","format-standard","has-post-thumbnail","hentry","category-turhal-haberleri"],"_links":{"self":[{"href":"https:\/\/www.turhalhakimiyet.com\/index.php\/wp-json\/wp\/v2\/posts\/865","targetHints":{"allow":["GET"]}}],"collection":[{"href":"https:\/\/www.turhalhakimiyet.com\/index.php\/wp-json\/wp\/v2\/posts"}],"about":[{"href":"https:\/\/www.turhalhakimiyet.com\/index.php\/wp-json\/wp\/v2\/types\/post"}],"author":[{"embeddable":true,"href":"https:\/\/www.turhalhakimiyet.com\/index.php\/wp-json\/wp\/v2\/users\/2"}],"replies":[{"embeddable":true,"href":"https:\/\/www.turhalhakimiyet.com\/index.php\/wp-json\/wp\/v2\/comments?post=865"}],"version-history":[{"count":1,"href":"https:\/\/www.turhalhakimiyet.com\/index.php\/wp-json\/wp\/v2\/posts\/865\/revisions"}],"predecessor-version":[{"id":867,"href":"https:\/\/www.turhalhakimiyet.com\/index.php\/wp-json\/wp\/v2\/posts\/865\/revisions\/867"}],"wp:featuredmedia":[{"embeddable":true,"href":"https:\/\/www.turhalhakimiyet.com\/index.php\/wp-json\/wp\/v2\/media\/866"}],"wp:attachment":[{"href":"https:\/\/www.turhalhakimiyet.com\/index.php\/wp-json\/wp\/v2\/media?parent=865"}],"wp:term":[{"taxonomy":"category","embeddable":true,"href":"https:\/\/www.turhalhakimiyet.com\/index.php\/wp-json\/wp\/v2\/categories?post=865"},{"taxonomy":"post_tag","embeddable":true,"href":"https:\/\/www.turhalhakimiyet.com\/index.php\/wp-json\/wp\/v2\/tags?post=865"}],"curies":[{"name":"wp","href":"https:\/\/api.w.org\/{rel}","templated":true}]}}