{"id":869,"date":"2023-03-06T15:04:09","date_gmt":"2023-03-06T12:04:09","guid":{"rendered":"https:\/\/www.turhalhakimiyet.com\/?p=869"},"modified":"2023-03-06T15:04:09","modified_gmt":"2023-03-06T12:04:09","slug":"mobil-firin-ve-mutfak-deprem-bolgesinde-kalici-cozum-sagladi","status":"publish","type":"post","link":"https:\/\/www.turhalhakimiyet.com\/index.php\/mobil-firin-ve-mutfak-deprem-bolgesinde-kalici-cozum-sagladi\/","title":{"rendered":"Mobil f\u0131r\u0131n ve mutfak deprem b\u00f6lgesinde kal\u0131c\u0131 \u00e7\u00f6z\u00fcm sa\u011flad\u0131"},"content":{"rendered":"\n<h3 class=\"wp-block-heading\">Tokat Gaziosmanpa\u015fa \u00dcniversitesi (TOG\u00dc) Rekt\u00f6r Prof.<\/h3>\n\n\n\n<p>Dr. Fatih Y\u0131lmaz, mobil f\u0131r\u0131n ve mutfa\u011f\u0131n afetzede vatanda\u015flar\u0131m\u0131z\u0131n g\u00fcnl\u00fck yemek ihtiyac\u0131na y\u00f6nelik olarak kal\u0131c\u0131 \u00e7\u00f6z\u00fcm sa\u011flad\u0131\u011f\u0131n\u0131 s\u00f6yledi.<\/p>\n\n\n\n<p>Kahramanmara\u015f merkezli ya\u015fanan ve 11 ili etkileyen deprem sonras\u0131 TOG\u00dc taraf\u0131ndan, mobil mutfak ve ekmek f\u0131r\u0131n\u0131n\u0131 Ad\u0131yaman&#8217;\u0131n G\u00f6lba\u015f\u0131 il\u00e7esine g\u00f6nderildi. A\u015f\u00e7\u0131 ve destek personeli ile afet b\u00f6lgesinde hizmet veren mobil mutfakta g\u00fcnl\u00fck olarak 3 bin 500 ki\u015filik s\u0131cak yemek \u00e7\u0131k\u0131yor. Konuyla ilgili a\u00e7\u0131klamalarda bulunan TOG\u00dc Rekt\u00f6r\u00fc Prof. Dr. Fatih Y\u0131lmaz, mobil f\u0131r\u0131n ve mutfa\u011f\u0131n afetzede vatanda\u015flar\u0131n g\u00fcnl\u00fck yemek ihtiyac\u0131na y\u00f6nelik olarak kal\u0131c\u0131 \u00e7\u00f6z\u00fcm sa\u011flad\u0131\u011f\u0131n\u0131 belirterek, \u201cSabahlar\u0131 bin ki\u015filik kahvalt\u0131, \u00f6\u011flen ve ak\u015fam yeme\u011fi i\u00e7in de toplam 2 bin 500 ki\u015filik s\u0131cak yemek afetzede vatanda\u015flar\u0131m\u0131za ikram ediliyor. Mobil mutfakta \u00e7al\u0131\u015fan 12 ki\u015filik personelimiz her hafta Cuma g\u00fcnleri g\u00f6n\u00fcll\u00fc olarak n\u00f6bet de\u011fi\u015fimi yaparak deprem b\u00f6lgesinde vatanda\u015flar\u0131m\u0131za hizmet veriyor. Tokat Gaziosmanpa\u015fa \u00dcniversitesinin insan kayna\u011f\u0131, g\u0131da ve giyecek yard\u0131mlar\u0131 ile afetin ilk g\u00fcnlerinden itibaren b\u00f6lgede yer ald\u0131. \u00dclke olarak birlik ve beraberlik i\u00e7erisinde b\u00f6ylesi zor g\u00fcnlerin a\u015faca\u011f\u0131z\u201d dedi.<\/p>\n\n\n\n<p>TOG\u00dc taraf\u0131ndan deprem b\u00f6lgesine g\u00f6nderilen mobil mutfak ve f\u0131r\u0131n\u0131n Ad\u0131yaman&#8217;\u0131n G\u00f6lba\u015f\u0131 il\u00e7esi Kriz Koordinasyon Merkezinde \u00fcretim yaparak \u015eehit \u00d6zer Salik \u0130lkokulunda yemek da\u011f\u0131t\u0131m\u0131n\u0131n ger\u00e7ekle\u015ftirildi\u011fi bildirildi.<\/p>\n","protected":false},"excerpt":{"rendered":"<p>Tokat Gaziosmanpa\u015fa \u00dcniversitesi (TOG\u00dc) Rekt\u00f6r Prof. Dr. Fatih Y\u0131lmaz, mobil f\u0131r\u0131n ve mutfa\u011f\u0131n afetzede vatanda\u015flar\u0131m\u0131z\u0131n g\u00fcnl\u00fck yemek ihtiyac\u0131na y\u00f6nelik olarak kal\u0131c\u0131 \u00e7\u00f6z\u00fcm sa\u011flad\u0131\u011f\u0131n\u0131 s\u00f6yledi. Kahramanmara\u015f merkezli ya\u015fanan ve 11 ili etkileyen deprem sonras\u0131 TOG\u00dc taraf\u0131ndan, mobil mutfak ve ekmek f\u0131r\u0131n\u0131n\u0131 Ad\u0131yaman&#8217;\u0131n G\u00f6lba\u015f\u0131 il\u00e7esine g\u00f6nderildi. A\u015f\u00e7\u0131 ve destek personeli ile afet b\u00f6lgesinde hizmet veren mobil mutfakta [&hellip;]<\/p>\n","protected":false},"author":2,"featured_media":870,"comment_status":"open","ping_status":"open","sticky":false,"template":"","format":"standard","meta":{"footnotes":""},"categories":[1],"tags":[],"class_list":["post-869","post","type-post","status-publish","format-standard","has-post-thumbnail","hentry","category-turhal-haberleri"],"_links":{"self":[{"href":"https:\/\/www.turhalhakimiyet.com\/index.php\/wp-json\/wp\/v2\/posts\/869","targetHints":{"allow":["GET"]}}],"collection":[{"href":"https:\/\/www.turhalhakimiyet.com\/index.php\/wp-json\/wp\/v2\/posts"}],"about":[{"href":"https:\/\/www.turhalhakimiyet.com\/index.php\/wp-json\/wp\/v2\/types\/post"}],"author":[{"embeddable":true,"href":"https:\/\/www.turhalhakimiyet.com\/index.php\/wp-json\/wp\/v2\/users\/2"}],"replies":[{"embeddable":true,"href":"https:\/\/www.turhalhakimiyet.com\/index.php\/wp-json\/wp\/v2\/comments?post=869"}],"version-history":[{"count":1,"href":"https:\/\/www.turhalhakimiyet.com\/index.php\/wp-json\/wp\/v2\/posts\/869\/revisions"}],"predecessor-version":[{"id":871,"href":"https:\/\/www.turhalhakimiyet.com\/index.php\/wp-json\/wp\/v2\/posts\/869\/revisions\/871"}],"wp:featuredmedia":[{"embeddable":true,"href":"https:\/\/www.turhalhakimiyet.com\/index.php\/wp-json\/wp\/v2\/media\/870"}],"wp:attachment":[{"href":"https:\/\/www.turhalhakimiyet.com\/index.php\/wp-json\/wp\/v2\/media?parent=869"}],"wp:term":[{"taxonomy":"category","embeddable":true,"href":"https:\/\/www.turhalhakimiyet.com\/index.php\/wp-json\/wp\/v2\/categories?post=869"},{"taxonomy":"post_tag","embeddable":true,"href":"https:\/\/www.turhalhakimiyet.com\/index.php\/wp-json\/wp\/v2\/tags?post=869"}],"curies":[{"name":"wp","href":"https:\/\/api.w.org\/{rel}","templated":true}]}}