{"id":873,"date":"2023-03-06T15:08:03","date_gmt":"2023-03-06T12:08:03","guid":{"rendered":"https:\/\/www.turhalhakimiyet.com\/?p=873"},"modified":"2023-03-06T15:08:03","modified_gmt":"2023-03-06T12:08:03","slug":"atil-durumdaki-lojmanlar-depremzede-ailelere-yuva-oldu","status":"publish","type":"post","link":"https:\/\/www.turhalhakimiyet.com\/index.php\/atil-durumdaki-lojmanlar-depremzede-ailelere-yuva-oldu\/","title":{"rendered":"At\u0131l durumdaki lojmanlar depremzede ailelere yuva oldu"},"content":{"rendered":"\n<h3 class=\"wp-block-heading\">Tokat\u2019\u0131n Almus il\u00e7esinde at\u0131l durumda bulunan lojmanlar, depremzedelere yuva oldu.<\/h3>\n\n\n\n<p>Tokat&#8217;\u0131n Almus il\u00e7esinde at\u0131l durumda bulunan lojmanlar, depremzedelere yuva oldu.<\/p>\n\n\n\n<p>Almus il\u00e7esinde hidroelektrik santralinin 2017 y\u0131l\u0131nda \u00f6zelle\u015ftirilmesinin ard\u0131ndan elektrik \u00fcretimi \u00e7al\u0131\u015fanlar\u0131 i\u00e7in yap\u0131lan 37 lojman bo\u015falt\u0131ld\u0131. Bo\u015f durumda bulunan lojmanlar, &#8220;asr\u0131n felaketi&#8221; olarak de\u011ferlendirilen Kahramanmara\u015f merkezli iki b\u00fcy\u00fck depremden etkilenen vatanda\u015flar i\u00e7in tahsis edildi. Almus Kaymakaml\u0131\u011f\u0131 ve Almus Belediyesi taraf\u0131ndan lojmanlar\u0131n bak\u0131m onar\u0131m \u00e7al\u0131\u015fmas\u0131 ve tefri\u015fat\u0131 devlet-millet i\u015f birli\u011finde yap\u0131ld\u0131. Onar\u0131m ve tefri\u015fat \u00e7al\u0131\u015fmalar\u0131n\u0131n ard\u0131ndan 13 aile lojmanlara yerle\u015ftirildi. Almus Kaymakam\u0131 Tar\u0131k Bu\u011fra Seyhan, Almus Belediye Ba\u015fkan\u0131 Bekir \u00d6zer ile beraberindeki kurum amirleri misafir edilen depremzede aileleri ziyaret etti. Kaymakam Seyhan, lojmanlar\u0131n depremzede ailelere s\u0131cak yuva oldu\u011funu, misafir edilen ailelerin ihtiya\u00e7lar\u0131n\u0131n kar\u015f\u0131land\u0131\u011f\u0131n\u0131 kaydetti.<\/p>\n","protected":false},"excerpt":{"rendered":"<p>Tokat\u2019\u0131n Almus il\u00e7esinde at\u0131l durumda bulunan lojmanlar, depremzedelere yuva oldu. Tokat&#8217;\u0131n Almus il\u00e7esinde at\u0131l durumda bulunan lojmanlar, depremzedelere yuva oldu. Almus il\u00e7esinde hidroelektrik santralinin 2017 y\u0131l\u0131nda \u00f6zelle\u015ftirilmesinin ard\u0131ndan elektrik \u00fcretimi \u00e7al\u0131\u015fanlar\u0131 i\u00e7in yap\u0131lan 37 lojman bo\u015falt\u0131ld\u0131. Bo\u015f durumda bulunan lojmanlar, &#8220;asr\u0131n felaketi&#8221; olarak de\u011ferlendirilen Kahramanmara\u015f merkezli iki b\u00fcy\u00fck depremden etkilenen vatanda\u015flar i\u00e7in tahsis edildi. Almus [&hellip;]<\/p>\n","protected":false},"author":2,"featured_media":874,"comment_status":"open","ping_status":"open","sticky":false,"template":"","format":"standard","meta":{"footnotes":""},"categories":[1],"tags":[],"class_list":["post-873","post","type-post","status-publish","format-standard","has-post-thumbnail","hentry","category-turhal-haberleri"],"_links":{"self":[{"href":"https:\/\/www.turhalhakimiyet.com\/index.php\/wp-json\/wp\/v2\/posts\/873","targetHints":{"allow":["GET"]}}],"collection":[{"href":"https:\/\/www.turhalhakimiyet.com\/index.php\/wp-json\/wp\/v2\/posts"}],"about":[{"href":"https:\/\/www.turhalhakimiyet.com\/index.php\/wp-json\/wp\/v2\/types\/post"}],"author":[{"embeddable":true,"href":"https:\/\/www.turhalhakimiyet.com\/index.php\/wp-json\/wp\/v2\/users\/2"}],"replies":[{"embeddable":true,"href":"https:\/\/www.turhalhakimiyet.com\/index.php\/wp-json\/wp\/v2\/comments?post=873"}],"version-history":[{"count":1,"href":"https:\/\/www.turhalhakimiyet.com\/index.php\/wp-json\/wp\/v2\/posts\/873\/revisions"}],"predecessor-version":[{"id":875,"href":"https:\/\/www.turhalhakimiyet.com\/index.php\/wp-json\/wp\/v2\/posts\/873\/revisions\/875"}],"wp:featuredmedia":[{"embeddable":true,"href":"https:\/\/www.turhalhakimiyet.com\/index.php\/wp-json\/wp\/v2\/media\/874"}],"wp:attachment":[{"href":"https:\/\/www.turhalhakimiyet.com\/index.php\/wp-json\/wp\/v2\/media?parent=873"}],"wp:term":[{"taxonomy":"category","embeddable":true,"href":"https:\/\/www.turhalhakimiyet.com\/index.php\/wp-json\/wp\/v2\/categories?post=873"},{"taxonomy":"post_tag","embeddable":true,"href":"https:\/\/www.turhalhakimiyet.com\/index.php\/wp-json\/wp\/v2\/tags?post=873"}],"curies":[{"name":"wp","href":"https:\/\/api.w.org\/{rel}","templated":true}]}}