{"id":879,"date":"2023-03-08T10:24:21","date_gmt":"2023-03-08T07:24:21","guid":{"rendered":"https:\/\/www.turhalhakimiyet.com\/?p=879"},"modified":"2023-03-08T10:24:21","modified_gmt":"2023-03-08T07:24:21","slug":"vali-numan-hatipoglunun-8-mart-dunya-kadinlar-gunu-mesaji","status":"publish","type":"post","link":"https:\/\/www.turhalhakimiyet.com\/index.php\/vali-numan-hatipoglunun-8-mart-dunya-kadinlar-gunu-mesaji\/","title":{"rendered":"Vali Numan Hatipo\u011flu&#8217;nun 8 Mart D\u00fcnya Kad\u0131nlar G\u00fcn\u00fc Mesaj\u0131"},"content":{"rendered":"\n<p>Tokat Valisi Numan Hatipo\u011flu 8 Mart D\u00fcnya Kad\u0131nlar G\u00fcn\u00fc dolay\u0131s\u0131yla bir mesaj yay\u0131mlad\u0131.Tokat Valisi Numan Hatipo\u011flu, 8 Mart D\u00fcnya Kad\u0131nlar G\u00fcn\u00fc dolay\u0131s\u0131yla yay\u0131nlad\u0131\u011f\u0131 mesajda, &#8220;Kad\u0131nlar\u0131m\u0131z umudumuzun, gelece\u011fimizin ve en b\u00fcy\u00fck\u00a0mutluluklar\u0131m\u0131z\u0131n kahramanlar\u0131d\u0131r&#8221; ifadelerini kulland\u0131. Vali Hatipo\u011flu, kad\u0131nlar\u0131n tarihimizde Anadolu\u2019nun vatan yap\u0131lmas\u0131nda destanlar yazd\u0131klar\u0131n\u0131, bayrak ve millet a\u015fk\u0131yla yeti\u015ftirdikleri evlatlar\u0131n\u0131 cepheye g\u00f6nderdiklerini ve onlara gerekti\u011finde canlar\u0131n\u0131 kanlar\u0131n\u0131 feda etmeyi \u00f6\u011frettiklerini vurgulad\u0131.<\/p>\n\n\n\n<p>Aile birli\u011finin temel ta\u015f\u0131 olan kad\u0131nlar\u0131n, \u00fclkemizin geli\u015fmesinde, \u00e7a\u011fda\u015f d\u00fczeye ula\u015fmas\u0131nda her zaman en \u00f6n s\u0131rada yer\u00a0ald\u0131\u011f\u0131n\u0131 belirten Vali Hatipo\u011flu, kad\u0131nlar\u0131n toplumda t\u00fcm i\u015flere kat\u0131lma noktas\u0131nda da b\u00fcy\u00fck bir fedakarl\u0131k ile \u00fczerine d\u00fc\u015feni her zaman fazlas\u0131yla yapmaya \u00e7al\u0131\u015ft\u0131klar\u0131n\u0131 ifade etti. Vali Hatipo\u011flu, kad\u0131nlar\u0131n deprem gibi zorlu s\u00fcre\u00e7lerde de y\u00fcce g\u00f6n\u00fcll\u00fcl\u00fckle hareket etti\u011fini ve deprem b\u00f6lgelerinde sa\u011fl\u0131k\u00e7\u0131, psikolog, g\u00f6n\u00fcll\u00fc, muhabir gibi bir\u00e7ok alanda \u00f6nemli rol \u00fcstlendiklerini belirtti.<\/p>\n\n\n\n<p>Son olarak Vali Hatipo\u011flu, &#8220;Gazi Mustafa Kemal Atat\u00fcrk\u2019\u00fcn de \u2018D\u00fcnyada her \u015fey kad\u0131n\u0131n eseridir.\u2019 diyerek \u00f6neminin alt\u0131n\u0131 \u00e7izdi\u011fi kad\u0131nlar\u0131m\u0131z, bu d\u00fcnyadaki mutlulu\u011fumuzun sebebidir. Hayat\u0131m\u0131z\u0131 g\u00fczelle\u015ftiren ve ya\u015fama anlam katan t\u00fcm kad\u0131nlar\u0131m\u0131z\u0131n 8 Mart D\u00fcnya Kad\u0131nlar G\u00fcn\u00fcn\u00fc y\u00fcrekten kutluyorum&#8221; dedi.<\/p>\n","protected":false},"excerpt":{"rendered":"<p>Tokat Valisi Numan Hatipo\u011flu 8 Mart D\u00fcnya Kad\u0131nlar G\u00fcn\u00fc dolay\u0131s\u0131yla bir mesaj yay\u0131mlad\u0131.Tokat Valisi Numan Hatipo\u011flu, 8 Mart D\u00fcnya Kad\u0131nlar G\u00fcn\u00fc dolay\u0131s\u0131yla yay\u0131nlad\u0131\u011f\u0131 mesajda, &#8220;Kad\u0131nlar\u0131m\u0131z umudumuzun, gelece\u011fimizin ve en b\u00fcy\u00fck\u00a0mutluluklar\u0131m\u0131z\u0131n kahramanlar\u0131d\u0131r&#8221; ifadelerini kulland\u0131. Vali Hatipo\u011flu, kad\u0131nlar\u0131n tarihimizde Anadolu\u2019nun vatan yap\u0131lmas\u0131nda destanlar yazd\u0131klar\u0131n\u0131, bayrak ve millet a\u015fk\u0131yla yeti\u015ftirdikleri evlatlar\u0131n\u0131 cepheye g\u00f6nderdiklerini ve onlara gerekti\u011finde canlar\u0131n\u0131 kanlar\u0131n\u0131 [&hellip;]<\/p>\n","protected":false},"author":2,"featured_media":880,"comment_status":"open","ping_status":"open","sticky":false,"template":"","format":"standard","meta":{"footnotes":""},"categories":[1],"tags":[],"class_list":["post-879","post","type-post","status-publish","format-standard","has-post-thumbnail","hentry","category-turhal-haberleri"],"_links":{"self":[{"href":"https:\/\/www.turhalhakimiyet.com\/index.php\/wp-json\/wp\/v2\/posts\/879","targetHints":{"allow":["GET"]}}],"collection":[{"href":"https:\/\/www.turhalhakimiyet.com\/index.php\/wp-json\/wp\/v2\/posts"}],"about":[{"href":"https:\/\/www.turhalhakimiyet.com\/index.php\/wp-json\/wp\/v2\/types\/post"}],"author":[{"embeddable":true,"href":"https:\/\/www.turhalhakimiyet.com\/index.php\/wp-json\/wp\/v2\/users\/2"}],"replies":[{"embeddable":true,"href":"https:\/\/www.turhalhakimiyet.com\/index.php\/wp-json\/wp\/v2\/comments?post=879"}],"version-history":[{"count":1,"href":"https:\/\/www.turhalhakimiyet.com\/index.php\/wp-json\/wp\/v2\/posts\/879\/revisions"}],"predecessor-version":[{"id":881,"href":"https:\/\/www.turhalhakimiyet.com\/index.php\/wp-json\/wp\/v2\/posts\/879\/revisions\/881"}],"wp:featuredmedia":[{"embeddable":true,"href":"https:\/\/www.turhalhakimiyet.com\/index.php\/wp-json\/wp\/v2\/media\/880"}],"wp:attachment":[{"href":"https:\/\/www.turhalhakimiyet.com\/index.php\/wp-json\/wp\/v2\/media?parent=879"}],"wp:term":[{"taxonomy":"category","embeddable":true,"href":"https:\/\/www.turhalhakimiyet.com\/index.php\/wp-json\/wp\/v2\/categories?post=879"},{"taxonomy":"post_tag","embeddable":true,"href":"https:\/\/www.turhalhakimiyet.com\/index.php\/wp-json\/wp\/v2\/tags?post=879"}],"curies":[{"name":"wp","href":"https:\/\/api.w.org\/{rel}","templated":true}]}}