{"id":882,"date":"2023-03-08T10:25:48","date_gmt":"2023-03-08T07:25:48","guid":{"rendered":"https:\/\/www.turhalhakimiyet.com\/?p=882"},"modified":"2023-03-08T10:25:48","modified_gmt":"2023-03-08T07:25:48","slug":"kalbine-yenik-dusen-komiser-yardimcisi-son-yolculuguna-ugurlandi","status":"publish","type":"post","link":"https:\/\/www.turhalhakimiyet.com\/index.php\/kalbine-yenik-dusen-komiser-yardimcisi-son-yolculuguna-ugurlandi\/","title":{"rendered":"Kalbine yenik d\u00fc\u015fen komiser yard\u0131mc\u0131s\u0131 son yolculu\u011funa u\u011furland\u0131"},"content":{"rendered":"\n<h3 class=\"wp-block-heading\">\u00c7orum\u2019da ge\u00e7irdi\u011fi kalp krizi nedeniyle hayat\u0131n\u0131 kaybeden Komiser Yard\u0131mc\u0131s\u0131 Mesut Ayd\u0131n, memleketi Tokat\u2019\u0131n Erbaa il\u00e7esinde son yolculu\u011funa u\u011furland\u0131.<\/h3>\n\n\n\n<p>\u00c7orum&#8217;da ge\u00e7irdi\u011fi kalp krizi nedeniyle hayat\u0131n\u0131 kaybeden Komiser Yard\u0131mc\u0131s\u0131 Mesut Ayd\u0131n, memleketi Tokat&#8217;\u0131n Erbaa il\u00e7esinde son yolculu\u011funa u\u011furland\u0131.<\/p>\n\n\n\n<p>\u00c7orum \u0130l Emniyet M\u00fcd\u00fcrl\u00fc\u011f\u00fc&#8217;nde g\u00f6revli Komiser Yard\u0131mc\u0131s\u0131 Mesut Ayd\u0131n, sabah saatlerinde kalp krizi ge\u00e7irdi. Kentteki \u00f6zel bir hastaneye kald\u0131r\u0131lan Ayd\u0131n, yap\u0131lan t\u00fcm m\u00fcdahalelere ra\u011fmen kurtar\u0131lamad\u0131. Ayd\u0131n i\u00e7in \u00c7orum Emniyet M\u00fcd\u00fcrl\u00fc\u011f\u00fc&#8217;nde t\u00f6ren d\u00fczenlendi. Kur&#8217;an-\u0131 Kerim tilaveti ve helallik al\u0131nmas\u0131n\u0131n ard\u0131ndan Ayd\u0131n&#8217;\u0131n cenazesi memleketi olan Tokat&#8217;\u0131n Erbaa il\u00e7esine getirildi. \u00d6\u011fle namaz\u0131na m\u00fcteakip k\u0131l\u0131nan cenaze namaz\u0131 sonras\u0131 Ayd\u0131n&#8217;\u0131n naa\u015f\u0131, il\u00e7eye ba\u011fl\u0131 \u00c7erkez F\u0131nd\u0131cak K\u00f6y\u00fcnde aile kabristanl\u0131\u011f\u0131nda topra\u011fa verildi.<\/p>\n\n\n\n<p>Cenaze t\u00f6renine Erbaa Kaymakam\u0131 \u0130smail Altan Demirayak, Belediye ba\u015fkan\u0131 Ertu\u011frul Karag\u00f6l, Tokat \u0130l Emniyet M\u00fcd\u00fcr\u00fc Arma\u011fan Adnan Erdo\u011fan ve vatanda\u015flar kat\u0131ld\u0131<\/p>\n","protected":false},"excerpt":{"rendered":"<p>\u00c7orum\u2019da ge\u00e7irdi\u011fi kalp krizi nedeniyle hayat\u0131n\u0131 kaybeden Komiser Yard\u0131mc\u0131s\u0131 Mesut Ayd\u0131n, memleketi Tokat\u2019\u0131n Erbaa il\u00e7esinde son yolculu\u011funa u\u011furland\u0131. \u00c7orum&#8217;da ge\u00e7irdi\u011fi kalp krizi nedeniyle hayat\u0131n\u0131 kaybeden Komiser Yard\u0131mc\u0131s\u0131 Mesut Ayd\u0131n, memleketi Tokat&#8217;\u0131n Erbaa il\u00e7esinde son yolculu\u011funa u\u011furland\u0131. \u00c7orum \u0130l Emniyet M\u00fcd\u00fcrl\u00fc\u011f\u00fc&#8217;nde g\u00f6revli Komiser Yard\u0131mc\u0131s\u0131 Mesut Ayd\u0131n, sabah saatlerinde kalp krizi ge\u00e7irdi. Kentteki \u00f6zel bir hastaneye kald\u0131r\u0131lan [&hellip;]<\/p>\n","protected":false},"author":2,"featured_media":883,"comment_status":"open","ping_status":"open","sticky":false,"template":"","format":"standard","meta":{"footnotes":""},"categories":[1],"tags":[],"class_list":["post-882","post","type-post","status-publish","format-standard","has-post-thumbnail","hentry","category-turhal-haberleri"],"_links":{"self":[{"href":"https:\/\/www.turhalhakimiyet.com\/index.php\/wp-json\/wp\/v2\/posts\/882","targetHints":{"allow":["GET"]}}],"collection":[{"href":"https:\/\/www.turhalhakimiyet.com\/index.php\/wp-json\/wp\/v2\/posts"}],"about":[{"href":"https:\/\/www.turhalhakimiyet.com\/index.php\/wp-json\/wp\/v2\/types\/post"}],"author":[{"embeddable":true,"href":"https:\/\/www.turhalhakimiyet.com\/index.php\/wp-json\/wp\/v2\/users\/2"}],"replies":[{"embeddable":true,"href":"https:\/\/www.turhalhakimiyet.com\/index.php\/wp-json\/wp\/v2\/comments?post=882"}],"version-history":[{"count":1,"href":"https:\/\/www.turhalhakimiyet.com\/index.php\/wp-json\/wp\/v2\/posts\/882\/revisions"}],"predecessor-version":[{"id":884,"href":"https:\/\/www.turhalhakimiyet.com\/index.php\/wp-json\/wp\/v2\/posts\/882\/revisions\/884"}],"wp:featuredmedia":[{"embeddable":true,"href":"https:\/\/www.turhalhakimiyet.com\/index.php\/wp-json\/wp\/v2\/media\/883"}],"wp:attachment":[{"href":"https:\/\/www.turhalhakimiyet.com\/index.php\/wp-json\/wp\/v2\/media?parent=882"}],"wp:term":[{"taxonomy":"category","embeddable":true,"href":"https:\/\/www.turhalhakimiyet.com\/index.php\/wp-json\/wp\/v2\/categories?post=882"},{"taxonomy":"post_tag","embeddable":true,"href":"https:\/\/www.turhalhakimiyet.com\/index.php\/wp-json\/wp\/v2\/tags?post=882"}],"curies":[{"name":"wp","href":"https:\/\/api.w.org\/{rel}","templated":true}]}}