{"id":885,"date":"2023-03-08T11:46:49","date_gmt":"2023-03-08T08:46:49","guid":{"rendered":"https:\/\/www.turhalhakimiyet.com\/?p=885"},"modified":"2023-03-08T11:46:49","modified_gmt":"2023-03-08T08:46:49","slug":"depreme-yeni-aldigi-evde-yakalandi-adeta-kiyameti-yasadi","status":"publish","type":"post","link":"https:\/\/www.turhalhakimiyet.com\/index.php\/depreme-yeni-aldigi-evde-yakalandi-adeta-kiyameti-yasadi\/","title":{"rendered":"Depreme yeni ald\u0131\u011f\u0131 evde yakaland\u0131, adeta k\u0131yameti ya\u015fad\u0131"},"content":{"rendered":"\n<h3 class=\"wp-block-heading\">Gaziantep\u2019te yeni ald\u0131klar\u0131 evde 7,7 b\u00fcy\u00fckl\u00fcndeki depreme yakalanan aile adeta k\u0131yameti ya\u015fad\u0131.<\/h3>\n\n\n\n<p>Gaziantep&#8217;te yeni ald\u0131klar\u0131 evde 7,7 b\u00fcy\u00fckl\u00fcndeki depreme yakalanan aile adeta k\u0131yameti ya\u015fad\u0131.<\/p>\n\n\n\n<p>Gaziantep&#8217;in Nurda\u011f\u0131 il\u00e7esinde ya\u015fayan 3 \u00e7ocuk annesi Havva Y\u0131lmaz (43) , Kahramanmara\u015f merkezli asr\u0131n felaketi olarak adland\u0131r\u0131lan depremden \u00e7ocuklar\u0131 ile birlikte yara almadan kurtuldu. Yeni ald\u0131klar\u0131 evde 16. g\u00fcn depreme yakalanan aile b\u00fcy\u00fck \u015fok ya\u015fad\u0131. A\u011f\u0131r hasar g\u00f6ren evlerini terk etmek durumunda kalan aile Tokat&#8217;a ta\u015f\u0131nd\u0131. Nurda\u011f\u0131&#8217;nda g\u00fczellik salonu i\u015fleten Havva Y\u0131lmaz, i\u015f yeri ve evinden kurtarabildikleri ile yeni bir hayat kurmak i\u00e7in ad\u0131m att\u0131. Bir\u00e7ok yak\u0131n\u0131n\u0131 kaybeden Y\u0131lmaz, Kar\u015f\u0131yaka Mahallesinde a\u00e7t\u0131\u011f\u0131 i\u015fyerinde ya\u015fad\u0131\u011f\u0131 a\u011f\u0131r travmay\u0131 atlatmaya \u00e7al\u0131\u015f\u0131yor.<\/p>\n\n\n\n<p>Yeni ald\u0131klar\u0131 evde adeta k\u0131yameti ya\u015fad\u0131lar<\/p>\n\n\n\n<p>Depreme \u00e7ocuklar\u0131n\u0131n sesleri ile uyand\u0131\u011f\u0131n\u0131 belirten Y\u0131lmaz, \u201cDeprem sabah\u0131 \u00e7ok ac\u0131yd\u0131. Evde iki \u00e7ocu\u011fum vard\u0131. Onlar bana ko\u015ftular anne ne oluyor diye. Can havliyle a\u015fa\u011f\u0131 indik ki ortal\u0131k ana baba g\u00fcn\u00fc gibiydi. Kimse kimseyi tan\u0131m\u0131yor. Herkesin ba\u015f\u0131na bir \u015feyler d\u00fc\u015fm\u00fc\u015f. Herkesin bir yerleri kan\u0131yor. Herkes kendi ba\u015f\u0131n\u0131n \u00e7aresine bakmaya \u00e7al\u0131\u015f\u0131yor. K\u0131yamet gibiydi. Bir ay oldu bug\u00fcn ama hi\u00e7bir \u015fekilde i\u00e7imden, kafamdan atam\u0131yorum. Rabbim hepsinin yard\u0131mc\u0131s\u0131 olsun. Bir\u00e7ok esnaf arkada\u015f\u0131m\u0131z\u0131 kaybettik. Bir\u00e7ok arkada\u015f\u0131m\u0131 kaybettim. Yani inan\u0131lmaz ac\u0131 bir olayd\u0131. Rabbim kimselere ya\u015fatmas\u0131n in\u015fallah. \u015eu an konu\u015furken bile o kadar k\u00f6t\u00fcy\u00fcm ki anlatamam size. Yani \u00f6l\u00fcm, \u00e7aresizlik. \u0130nsanlar\u0131n ba\u011f\u0131r\u0131\u015flar\u0131, \u00e7a\u011f\u0131r\u0131\u015flar\u0131, o anda ka\u00e7\u0131\u015fmalar. \u0130nan\u0131lmaz ac\u0131 bir olayd\u0131. Yak\u0131nlar\u0131m\u0131za ula\u015fmaya \u00e7al\u0131\u015ft\u0131k. Telefonlar \u00e7ekmiyor. Elektrikler kesildi, ya\u011fmur ya\u011f\u0131yor. Nereye ka\u00e7aca\u011f\u0131m\u0131z\u0131, ne yapaca\u011f\u0131m\u0131z\u0131 bilemedik. Binalar \u00fcst\u00fcm\u00fcze \u00fcst\u00fcm\u00fcze geliyordu. Evimi yeni alm\u0131\u015ft\u0131m. 15 g\u00fcn olmu\u015ftu ben ta\u015f\u0131nal\u0131. 16. g\u00fcn zaten depremi ya\u015fad\u0131k. Evimizi de tad\u0131n\u0131 da \u00e7\u0131karamad\u0131k. Giden canlara m\u0131 \u00fcz\u00fclelim? Evimize mi \u00fcz\u00fclelim? Mallar\u0131m\u0131za m\u0131 \u00fcz\u00fclelim? Arkada\u015flar\u0131m\u0131za, dostlar\u0131m\u0131za m\u0131 \u00fcz\u00fclelim? Ne yapaca\u011f\u0131m\u0131z\u0131 bilemedik\u201d dedi.<\/p>\n\n\n\n<p>Tokat&#8217;ta i\u015f yeri a\u00e7t\u0131<\/p>\n\n\n\n<p>Geride bir\u00e7ok hat\u0131ra b\u0131rakt\u0131klar\u0131n\u0131 ifade eden Y\u0131lmaz, \u201cYar\u0131m kalm\u0131\u015f arkada\u015fl\u0131klar, dostluklar b\u0131rakt\u0131k. Akrabalar\u0131m\u0131z\u0131n yar\u0131dan \u00e7o\u011fu \u00f6ld\u00fc. Esnaf arkada\u015flar\u0131m\u0131z gitti. Yani bilmiyorum hepsi yar\u0131m kald\u0131. Tokat&#8217;a yerle\u015fmeye karar verdik. \u0130\u015f yerimizi a\u00e7t\u0131k. Evimizi tuttuk. Burada yeni bir hayata ba\u015flamaya \u00e7al\u0131\u015faca\u011f\u0131z in\u015fallah. Birka\u00e7 par\u00e7a e\u015fyam\u0131z ile i\u015f yerimizin i\u015fte cihazlar\u0131m\u0131z\u0131 kurtarabildik. Ba\u015fka da bir \u015feyimiz kalmad\u0131\u201d diye konu\u015ftu.<\/p>\n\n\n\n<p>&#8220;\u00c7al\u0131\u015fmazsak bu psikolojiyle ya\u015fayamay\u0131z&#8221;<\/p>\n\n\n\n<p>\u00c7al\u0131\u015farak depremi unutmak istedi\u011fini ifade eden Y\u0131lmaz, \u201cGaziantep&#8217;e d\u00f6n\u00fc\u015f\u00fc d\u00fc\u015f\u00fcnmek i\u00e7in \u00e7ok erken. Ama insan\u0131n memleketi gibisi de yok yani. Memleketimiz aya\u011f\u0131 dikilirse neden olmas\u0131n? Tokat&#8217;ta i\u015f yerimizi a\u00e7t\u0131k. \u00c7al\u0131\u015fmak zorunday\u0131z. Yani \u00e7al\u0131\u015fmazsak bu psikolojiyle ya\u015fayamay\u0131z. Yani kafay\u0131 da\u011f\u0131tmak zorunday\u0131z. Kafay\u0131 da\u011f\u0131tmazsak zaten olmaz\u201d ifadelerini kulland\u0131.<\/p>\n","protected":false},"excerpt":{"rendered":"<p>Gaziantep\u2019te yeni ald\u0131klar\u0131 evde 7,7 b\u00fcy\u00fckl\u00fcndeki depreme yakalanan aile adeta k\u0131yameti ya\u015fad\u0131. Gaziantep&#8217;te yeni ald\u0131klar\u0131 evde 7,7 b\u00fcy\u00fckl\u00fcndeki depreme yakalanan aile adeta k\u0131yameti ya\u015fad\u0131. Gaziantep&#8217;in Nurda\u011f\u0131 il\u00e7esinde ya\u015fayan 3 \u00e7ocuk annesi Havva Y\u0131lmaz (43) , Kahramanmara\u015f merkezli asr\u0131n felaketi olarak adland\u0131r\u0131lan depremden \u00e7ocuklar\u0131 ile birlikte yara almadan kurtuldu. Yeni ald\u0131klar\u0131 evde 16. g\u00fcn depreme yakalanan [&hellip;]<\/p>\n","protected":false},"author":2,"featured_media":886,"comment_status":"open","ping_status":"open","sticky":false,"template":"","format":"standard","meta":{"footnotes":""},"categories":[1],"tags":[],"class_list":["post-885","post","type-post","status-publish","format-standard","has-post-thumbnail","hentry","category-turhal-haberleri"],"_links":{"self":[{"href":"https:\/\/www.turhalhakimiyet.com\/index.php\/wp-json\/wp\/v2\/posts\/885","targetHints":{"allow":["GET"]}}],"collection":[{"href":"https:\/\/www.turhalhakimiyet.com\/index.php\/wp-json\/wp\/v2\/posts"}],"about":[{"href":"https:\/\/www.turhalhakimiyet.com\/index.php\/wp-json\/wp\/v2\/types\/post"}],"author":[{"embeddable":true,"href":"https:\/\/www.turhalhakimiyet.com\/index.php\/wp-json\/wp\/v2\/users\/2"}],"replies":[{"embeddable":true,"href":"https:\/\/www.turhalhakimiyet.com\/index.php\/wp-json\/wp\/v2\/comments?post=885"}],"version-history":[{"count":1,"href":"https:\/\/www.turhalhakimiyet.com\/index.php\/wp-json\/wp\/v2\/posts\/885\/revisions"}],"predecessor-version":[{"id":887,"href":"https:\/\/www.turhalhakimiyet.com\/index.php\/wp-json\/wp\/v2\/posts\/885\/revisions\/887"}],"wp:featuredmedia":[{"embeddable":true,"href":"https:\/\/www.turhalhakimiyet.com\/index.php\/wp-json\/wp\/v2\/media\/886"}],"wp:attachment":[{"href":"https:\/\/www.turhalhakimiyet.com\/index.php\/wp-json\/wp\/v2\/media?parent=885"}],"wp:term":[{"taxonomy":"category","embeddable":true,"href":"https:\/\/www.turhalhakimiyet.com\/index.php\/wp-json\/wp\/v2\/categories?post=885"},{"taxonomy":"post_tag","embeddable":true,"href":"https:\/\/www.turhalhakimiyet.com\/index.php\/wp-json\/wp\/v2\/tags?post=885"}],"curies":[{"name":"wp","href":"https:\/\/api.w.org\/{rel}","templated":true}]}}