{"id":888,"date":"2023-03-08T14:13:36","date_gmt":"2023-03-08T11:13:36","guid":{"rendered":"https:\/\/www.turhalhakimiyet.com\/?p=888"},"modified":"2023-03-08T14:13:36","modified_gmt":"2023-03-08T11:13:36","slug":"tokat-belediye-baskani-eyup-eroglundan-8-mart-dunya-kadinlari-gunu-mesaji","status":"publish","type":"post","link":"https:\/\/www.turhalhakimiyet.com\/index.php\/tokat-belediye-baskani-eyup-eroglundan-8-mart-dunya-kadinlari-gunu-mesaji\/","title":{"rendered":"Tokat Belediye Ba\u015fkan\u0131 Ey\u00fcp Ero\u011flu&#8217;ndan 8 Mart D\u00fcnya Kad\u0131nlar\u0131 G\u00fcn\u00fc Mesaj\u0131"},"content":{"rendered":"\n<p>Tokat Belediye Ba\u015fkan\u0131 Ey\u00fcp Ero\u011flu 8 Mart D\u00fcnya Kad\u0131nlar G\u00fcn\u00fc m\u00fcnasebetiyle yay\u0131mlad\u0131\u011f\u0131 mesaj\u0131nda \u201c\u00dclkemizi yasa bo\u011fan \u2018Asr\u0131n Felaketi\u2019 olarak nitelendirilen y\u0131k\u0131c\u0131 depremler sebebiyle bu y\u0131l 8 Mart D\u00fcnya Kad\u0131nlar G\u00fcn\u00fc\u2019n\u00fc i\u00e7imiz buruk, kalbimiz h\u00fcz\u00fcnl\u00fc olarak kutluyoruz. As\u0131rlard\u0131r Anadolu topraklar\u0131nda h\u00fck\u00fcm s\u00fcren medeniyetimizin her safhas\u0131nda kad\u0131nlar\u0131m\u0131z \u00f6nemli bir rol \u00fcstlenmi\u015ftir. 6 \u015eubat\u2019ta meydana gelen ve devlet millet elbirli\u011fiyle yaralar\u0131n\u0131 sarmaya \u00e7al\u0131\u015ft\u0131\u011f\u0131m\u0131z deprem felaketinden ma\u011fdur olan insanlar\u0131m\u0131za uzanan yard\u0131m elinde yine kad\u0131nlar\u0131m\u0131z\u0131n b\u00fcy\u00fck fedak\u00e2rl\u0131k izleri vard\u0131r. Cansiperane bir \u015fekilde deprem b\u00f6lgelerimizde gayret g\u00f6steren her bir karde\u015fimizin sevgi ve merhamet duygusunda annelerimizin y\u00fcre\u011finin b\u00fcy\u00fctt\u00fc\u011f\u00fc bir damar vard\u0131r. Anne \u015fefkati, b\u00f6ylesine b\u00fcy\u00fck bir ac\u0131y\u0131 dindirmeye, yaralar\u0131n sar\u0131lmas\u0131na yarayacak en \u015fifal\u0131 bir merhem olmaktad\u0131r. Vatan\u0131m\u0131z\u0131n her bir b\u00f6lgesinden oldu\u011fu gibi Tokat\u2019\u0131m\u0131zdan da han\u0131m karde\u015flerimiz, depremin ya\u015fand\u0131\u011f\u0131 ilk g\u00fcnden itibaren bir anne, bir abla, bir k\u0131z karde\u015f \u015fefkatiyle yaral\u0131 y\u00fcrekler i\u00e7in seferber olmu\u015f, Nene Hatun ruhuyla fedak\u00e2rl\u0131klar g\u00f6stermi\u015flerdir. Tokatl\u0131 han\u0131m karde\u015flerimize deprem b\u00f6lgelerindeki karde\u015flerimiz i\u00e7in minnettarl\u0131\u011f\u0131m\u0131 sunuyor; yaralar\u0131n sar\u0131ld\u0131\u011f\u0131, yeniden bahar esintilerinin hissedildi\u011fi g\u00fcnlere kavu\u015fmak, birlik ve beraberlik i\u00e7inde \u00e7e\u015fitli etkinliklerle g\u00fcnler kutlamak dile\u011fiyle, han\u0131m karde\u015flerimizin 8 Mart D\u00fcnya Kad\u0131nlar G\u00fcn\u00fc\u2019n\u00fc tebrik ediyorum\u201d dedi.<\/p>\n","protected":false},"excerpt":{"rendered":"<p>Tokat Belediye Ba\u015fkan\u0131 Ey\u00fcp Ero\u011flu 8 Mart D\u00fcnya Kad\u0131nlar G\u00fcn\u00fc m\u00fcnasebetiyle yay\u0131mlad\u0131\u011f\u0131 mesaj\u0131nda \u201c\u00dclkemizi yasa bo\u011fan \u2018Asr\u0131n Felaketi\u2019 olarak nitelendirilen y\u0131k\u0131c\u0131 depremler sebebiyle bu y\u0131l 8 Mart D\u00fcnya Kad\u0131nlar G\u00fcn\u00fc\u2019n\u00fc i\u00e7imiz buruk, kalbimiz h\u00fcz\u00fcnl\u00fc olarak kutluyoruz. As\u0131rlard\u0131r Anadolu topraklar\u0131nda h\u00fck\u00fcm s\u00fcren medeniyetimizin her safhas\u0131nda kad\u0131nlar\u0131m\u0131z \u00f6nemli bir rol \u00fcstlenmi\u015ftir. 6 \u015eubat\u2019ta meydana gelen ve devlet [&hellip;]<\/p>\n","protected":false},"author":2,"featured_media":889,"comment_status":"open","ping_status":"open","sticky":false,"template":"","format":"standard","meta":{"footnotes":""},"categories":[1],"tags":[],"class_list":["post-888","post","type-post","status-publish","format-standard","has-post-thumbnail","hentry","category-turhal-haberleri"],"_links":{"self":[{"href":"https:\/\/www.turhalhakimiyet.com\/index.php\/wp-json\/wp\/v2\/posts\/888","targetHints":{"allow":["GET"]}}],"collection":[{"href":"https:\/\/www.turhalhakimiyet.com\/index.php\/wp-json\/wp\/v2\/posts"}],"about":[{"href":"https:\/\/www.turhalhakimiyet.com\/index.php\/wp-json\/wp\/v2\/types\/post"}],"author":[{"embeddable":true,"href":"https:\/\/www.turhalhakimiyet.com\/index.php\/wp-json\/wp\/v2\/users\/2"}],"replies":[{"embeddable":true,"href":"https:\/\/www.turhalhakimiyet.com\/index.php\/wp-json\/wp\/v2\/comments?post=888"}],"version-history":[{"count":1,"href":"https:\/\/www.turhalhakimiyet.com\/index.php\/wp-json\/wp\/v2\/posts\/888\/revisions"}],"predecessor-version":[{"id":890,"href":"https:\/\/www.turhalhakimiyet.com\/index.php\/wp-json\/wp\/v2\/posts\/888\/revisions\/890"}],"wp:featuredmedia":[{"embeddable":true,"href":"https:\/\/www.turhalhakimiyet.com\/index.php\/wp-json\/wp\/v2\/media\/889"}],"wp:attachment":[{"href":"https:\/\/www.turhalhakimiyet.com\/index.php\/wp-json\/wp\/v2\/media?parent=888"}],"wp:term":[{"taxonomy":"category","embeddable":true,"href":"https:\/\/www.turhalhakimiyet.com\/index.php\/wp-json\/wp\/v2\/categories?post=888"},{"taxonomy":"post_tag","embeddable":true,"href":"https:\/\/www.turhalhakimiyet.com\/index.php\/wp-json\/wp\/v2\/tags?post=888"}],"curies":[{"name":"wp","href":"https:\/\/api.w.org\/{rel}","templated":true}]}}