{"id":894,"date":"2023-03-09T17:41:11","date_gmt":"2023-03-09T14:41:11","guid":{"rendered":"https:\/\/www.turhalhakimiyet.com\/?p=894"},"modified":"2023-03-09T17:41:11","modified_gmt":"2023-03-09T14:41:11","slug":"turhalli-ogrenciler-almanyada-mesleki-egitim-stajinda","status":"publish","type":"post","link":"https:\/\/www.turhalhakimiyet.com\/index.php\/turhalli-ogrenciler-almanyada-mesleki-egitim-stajinda\/","title":{"rendered":"TURHALLI \u00d6\u011eRENC\u0130LER ALMANYA&#8217;DA MESLEK\u0130 E\u011e\u0130T\u0130M STAJINDA"},"content":{"rendered":"\n<p>Turhal Mesleki E\u011fitim Merkezi \u00f6\u011frenci ve \u00f6\u011fretmenleri Erasmus Projesi kapsam\u0131nda Almanya&#8217;da Mesleki E\u011fitim Staj\u0131nda.<\/p>\n\n\n\n<p>Erasmus+ Program\u0131 Mesleki E\u011fitim K\u0131sa S\u00fcreli \u00d6\u011frenici ve Personel Hareketlili\u011fi Projeleri (KA-122-VET) faaliyeti kapsam\u0131nda 2021 y\u0131l\u0131 teklif \u00e7a\u011fr\u0131s\u0131 d\u00f6neminde T.C. Ulusal Ajans\u0131 taraf\u0131ndan \u201cTurhal Mesem Avrupa&#8217;da Mesleki E\u011fitim Staj\u0131nda\u201d ba\u015fl\u0131kl\u0131&nbsp;projesi ile hibe almaya hak kazanan Turhal Mesleki E\u011fitim Merkezi \u00f6\u011frencileri Almanya &#8211; Recklinghausen-Herne\u2019de &nbsp;bulunan i\u015fletmelerde staj g\u00f6r\u00fcyor.<\/p>\n\n\n\n<p>Proje hakk\u0131nda bilgi veren Turhal Mesleki E\u011fitim Merkezi Okul M\u00fcd\u00fcr\u00fc Kadir T\u00dcRKSOY, &#8220;T.C. D\u0131\u015fi\u015fleri Bakanl\u0131\u011f\u0131 Avrupa Birli\u011fi E\u011fitim ve Gen\u00e7lik Programlar\u0131 Merkez Ba\u015fkanl\u0131\u011f\u0131 T\u00fcrkiye Ulusal Ajans\u0131 Erasmus+ Program\u0131 Mesleki E\u011fitim K\u0131sa S\u00fcreli \u00d6\u011frenici ve Personel Hareketlili\u011fi (KA-122-VET) \u00a0kapsam\u0131ndaki projemizle 19 \u015eubat 2023 ile 18 Mart 2023 tarihleri aras\u0131nda Motorlu Ara\u00e7lar Teknolojisi Alan\u0131 12 \u00f6\u011frencimiz 2 refakat\u00e7i \u00f6\u011fretmenimizin rehberli\u011finde Almanya &#8211; Recklinghausen-Herne kentindeki alt\u0131 farkl\u0131 i\u015fletmede staj yapmaktad\u0131r. Bu Erasmus+ Staj faaliyetiyle \u00f6\u011frencilerimiz Mercedes, BMW, Audi, Ford, Toyoto gibi marka ara\u00e7larda y\u00fcksek d\u00fczey test cihazlar\u0131 ile \u00f6l\u00e7\u00fcm yaparak ar\u0131za bulma, tamir, bak\u0131m ve par\u00e7a de\u011fi\u015fimi yaparak mesleki becerilerini geli\u015ftirmektedir. Bu Erasmus+ staj hareketlili\u011fi ile \u00f6\u011frencilerimizin mesleki yeterliliklerinin art\u0131r\u0131lmas\u0131 ve b\u00f6ylece mezuniyet sonras\u0131 istihdamlar\u0131n\u0131n sa\u011flanmas\u0131 hedeflenmektedir. Projemizin haz\u0131rl\u0131k \u00e7al\u0131\u015fmalar\u0131nda \u00f6\u011frencilerimize \u0130ngilizce dil e\u011fitimi verilmi\u015ftir. Staj \u00e7al\u0131\u015fmalar\u0131 d\u0131\u015f\u0131nda kalan zamanlarda da \u00f6\u011frencilerimize Almanya\u2019n\u0131n ve Avrupa&#8217;n\u0131n tarihi-k\u00fclt\u00fcrel yerlere geziler d\u00fczenlenmektedir&#8221; dedi. Leyla Y\u0131ld\u0131z<\/p>\n","protected":false},"excerpt":{"rendered":"<p>Turhal Mesleki E\u011fitim Merkezi \u00f6\u011frenci ve \u00f6\u011fretmenleri Erasmus Projesi kapsam\u0131nda Almanya&#8217;da Mesleki E\u011fitim Staj\u0131nda. Erasmus+ Program\u0131 Mesleki E\u011fitim K\u0131sa S\u00fcreli \u00d6\u011frenici ve Personel Hareketlili\u011fi Projeleri (KA-122-VET) faaliyeti kapsam\u0131nda 2021 y\u0131l\u0131 teklif \u00e7a\u011fr\u0131s\u0131 d\u00f6neminde T.C. Ulusal Ajans\u0131 taraf\u0131ndan \u201cTurhal Mesem Avrupa&#8217;da Mesleki E\u011fitim Staj\u0131nda\u201d ba\u015fl\u0131kl\u0131&nbsp;projesi ile hibe almaya hak kazanan Turhal Mesleki E\u011fitim Merkezi \u00f6\u011frencileri Almanya [&hellip;]<\/p>\n","protected":false},"author":2,"featured_media":896,"comment_status":"open","ping_status":"open","sticky":false,"template":"","format":"standard","meta":{"footnotes":""},"categories":[1],"tags":[],"class_list":["post-894","post","type-post","status-publish","format-standard","has-post-thumbnail","hentry","category-turhal-haberleri"],"_links":{"self":[{"href":"https:\/\/www.turhalhakimiyet.com\/index.php\/wp-json\/wp\/v2\/posts\/894","targetHints":{"allow":["GET"]}}],"collection":[{"href":"https:\/\/www.turhalhakimiyet.com\/index.php\/wp-json\/wp\/v2\/posts"}],"about":[{"href":"https:\/\/www.turhalhakimiyet.com\/index.php\/wp-json\/wp\/v2\/types\/post"}],"author":[{"embeddable":true,"href":"https:\/\/www.turhalhakimiyet.com\/index.php\/wp-json\/wp\/v2\/users\/2"}],"replies":[{"embeddable":true,"href":"https:\/\/www.turhalhakimiyet.com\/index.php\/wp-json\/wp\/v2\/comments?post=894"}],"version-history":[{"count":1,"href":"https:\/\/www.turhalhakimiyet.com\/index.php\/wp-json\/wp\/v2\/posts\/894\/revisions"}],"predecessor-version":[{"id":897,"href":"https:\/\/www.turhalhakimiyet.com\/index.php\/wp-json\/wp\/v2\/posts\/894\/revisions\/897"}],"wp:featuredmedia":[{"embeddable":true,"href":"https:\/\/www.turhalhakimiyet.com\/index.php\/wp-json\/wp\/v2\/media\/896"}],"wp:attachment":[{"href":"https:\/\/www.turhalhakimiyet.com\/index.php\/wp-json\/wp\/v2\/media?parent=894"}],"wp:term":[{"taxonomy":"category","embeddable":true,"href":"https:\/\/www.turhalhakimiyet.com\/index.php\/wp-json\/wp\/v2\/categories?post=894"},{"taxonomy":"post_tag","embeddable":true,"href":"https:\/\/www.turhalhakimiyet.com\/index.php\/wp-json\/wp\/v2\/tags?post=894"}],"curies":[{"name":"wp","href":"https:\/\/api.w.org\/{rel}","templated":true}]}}