{"id":898,"date":"2023-03-10T09:42:13","date_gmt":"2023-03-10T06:42:13","guid":{"rendered":"https:\/\/www.turhalhakimiyet.com\/?p=898"},"modified":"2023-03-10T09:42:13","modified_gmt":"2023-03-10T06:42:13","slug":"karsi-seride-gecen-otomobil-cipe-carpti-2-olu-4-yarali","status":"publish","type":"post","link":"https:\/\/www.turhalhakimiyet.com\/index.php\/karsi-seride-gecen-otomobil-cipe-carpti-2-olu-4-yarali\/","title":{"rendered":"Kar\u015f\u0131 \u015feride ge\u00e7en otomobil cipe \u00e7arpt\u0131: 2 \u00f6l\u00fc, 4 yaral\u0131"},"content":{"rendered":"\n<h3 class=\"wp-block-heading\">Tokat\u2019ta kar\u015f\u0131 \u015feride ge\u00e7en otomobilin cipe \u00e7arpmas\u0131 sonucu meydana gelen trafik kazas\u0131nda 2 ki\u015fi hayat\u0131n\u0131 kaybetti, 4 ki\u015fi yaraland\u0131.<\/h3>\n\n\n\n<p>Tokat&#8217;ta kar\u015f\u0131 \u015feride ge\u00e7en otomobilin cipe \u00e7arpmas\u0131 sonucu meydana gelen trafik kazas\u0131nda 2 ki\u015fi hayat\u0131n\u0131 kaybetti, 4 ki\u015fi yaraland\u0131.<\/p>\n\n\n\n<p>Edinilen bilgiye g\u00f6re kaza, Tokat-Turhal Karayolu S\u00f6ng\u00fct k\u00f6y\u00fc yak\u0131nlar\u0131nda meydana geldi. Selahattin \u00c7a\u011flar (28) idaresindeki 60 ADH 605 plakal\u0131 Volkswagen marka otomobil, s\u00fcr\u00fcc\u00fcs\u00fcn\u00fcn direksiyon hakimiyetini kaybetmesi sonucu kav\u015fak giri\u015finden kar\u015f\u0131 \u015feride ge\u00e7ti. Kar\u015f\u0131 \u015feride ge\u00e7en otomobil, Tokat istikametine seyir halinde olan Murat \u00c7. (37) idaresindeki 60 KD 868 plakal\u0131 ciple \u00e7arp\u0131\u015ft\u0131. \u00c7arp\u0131\u015fman\u0131n etkisiyle olay yeri adeta sava\u015f alan\u0131na d\u00f6nd\u00fc. Vatanda\u015flar\u0131n ihbar\u0131 \u00fczerine olay yerine sa\u011fl\u0131k ve kurtarma ekipleri sevk edildi. Sa\u011fl\u0131k ekipleri, otomobil s\u00fcr\u00fcc\u00fcs\u00fc Selahattin \u00c7a\u011flar&#8217;\u0131n hayat\u0131n\u0131 kaybetti\u011fini tespit etti. Yaral\u0131lardan Tokat Devlet Hastanesine sevk edilen Mehmet \u00c7a\u011flar (30) da yap\u0131lan t\u00fcm m\u00fcdahalelere ra\u011fmen kurtar\u0131lamayarak hayat\u0131n\u0131 kaybetti.<\/p>\n\n\n\n<p>Polis, kazayla ilgili inceleme ba\u015flatt\u0131.<\/p>\n","protected":false},"excerpt":{"rendered":"<p>Tokat\u2019ta kar\u015f\u0131 \u015feride ge\u00e7en otomobilin cipe \u00e7arpmas\u0131 sonucu meydana gelen trafik kazas\u0131nda 2 ki\u015fi hayat\u0131n\u0131 kaybetti, 4 ki\u015fi yaraland\u0131. Tokat&#8217;ta kar\u015f\u0131 \u015feride ge\u00e7en otomobilin cipe \u00e7arpmas\u0131 sonucu meydana gelen trafik kazas\u0131nda 2 ki\u015fi hayat\u0131n\u0131 kaybetti, 4 ki\u015fi yaraland\u0131. Edinilen bilgiye g\u00f6re kaza, Tokat-Turhal Karayolu S\u00f6ng\u00fct k\u00f6y\u00fc yak\u0131nlar\u0131nda meydana geldi. Selahattin \u00c7a\u011flar (28) idaresindeki 60 ADH [&hellip;]<\/p>\n","protected":false},"author":2,"featured_media":899,"comment_status":"open","ping_status":"open","sticky":false,"template":"","format":"standard","meta":{"footnotes":""},"categories":[1],"tags":[],"class_list":["post-898","post","type-post","status-publish","format-standard","has-post-thumbnail","hentry","category-turhal-haberleri"],"_links":{"self":[{"href":"https:\/\/www.turhalhakimiyet.com\/index.php\/wp-json\/wp\/v2\/posts\/898","targetHints":{"allow":["GET"]}}],"collection":[{"href":"https:\/\/www.turhalhakimiyet.com\/index.php\/wp-json\/wp\/v2\/posts"}],"about":[{"href":"https:\/\/www.turhalhakimiyet.com\/index.php\/wp-json\/wp\/v2\/types\/post"}],"author":[{"embeddable":true,"href":"https:\/\/www.turhalhakimiyet.com\/index.php\/wp-json\/wp\/v2\/users\/2"}],"replies":[{"embeddable":true,"href":"https:\/\/www.turhalhakimiyet.com\/index.php\/wp-json\/wp\/v2\/comments?post=898"}],"version-history":[{"count":1,"href":"https:\/\/www.turhalhakimiyet.com\/index.php\/wp-json\/wp\/v2\/posts\/898\/revisions"}],"predecessor-version":[{"id":900,"href":"https:\/\/www.turhalhakimiyet.com\/index.php\/wp-json\/wp\/v2\/posts\/898\/revisions\/900"}],"wp:featuredmedia":[{"embeddable":true,"href":"https:\/\/www.turhalhakimiyet.com\/index.php\/wp-json\/wp\/v2\/media\/899"}],"wp:attachment":[{"href":"https:\/\/www.turhalhakimiyet.com\/index.php\/wp-json\/wp\/v2\/media?parent=898"}],"wp:term":[{"taxonomy":"category","embeddable":true,"href":"https:\/\/www.turhalhakimiyet.com\/index.php\/wp-json\/wp\/v2\/categories?post=898"},{"taxonomy":"post_tag","embeddable":true,"href":"https:\/\/www.turhalhakimiyet.com\/index.php\/wp-json\/wp\/v2\/tags?post=898"}],"curies":[{"name":"wp","href":"https:\/\/api.w.org\/{rel}","templated":true}]}}