{"id":901,"date":"2023-03-10T09:49:30","date_gmt":"2023-03-10T06:49:30","guid":{"rendered":"https:\/\/www.turhalhakimiyet.com\/?p=901"},"modified":"2023-03-10T09:49:30","modified_gmt":"2023-03-10T06:49:30","slug":"togu-rektoru-yilmaz-afet-bolgesinde","status":"publish","type":"post","link":"https:\/\/www.turhalhakimiyet.com\/index.php\/togu-rektoru-yilmaz-afet-bolgesinde\/","title":{"rendered":"TOG\u00dc REKT\u00d6R\u00dc YILMAZ\u00a0AFET B\u00d6LGES\u0130NDE"},"content":{"rendered":"\n<p>Tokat Gaziosmanpa\u015fa \u00dcniversitesi Rekt\u00f6r\u00fc Prof. Dr. Fatih Y\u0131lmaz, afet b\u00f6lgesi Ad\u0131yaman\u2019\u0131n G\u00f6lba\u015f\u0131 il\u00e7esini ziyaret ederek afetzede vatanda\u015flara ge\u00e7mi\u015f olsun dileklerini iletti.<\/p>\n\n\n\n<p>Tokat Gaziosmanpa\u015fa \u00dcniversitesi Rekt\u00f6r\u00fc Prof. Dr. Fatih Y\u0131lmaz, afet b\u00f6lgesi Ad\u0131yaman\u2019\u0131n G\u00f6lba\u015f\u0131 il\u00e7esini\u00a0ziyaret ederek \u00a0\u00c7ad\u0131r ve Konteyner kentte ya\u015fayan afetzede vatanda\u015flara ge\u00e7mi\u015f olsun dileklerini iletti. Ayr\u0131ca, G\u00f6lba\u015f\u0131\u2019da ailesiyle birlikte\u00a0depremden etkilenen TOG\u00dc T\u0131p Fak\u00fcltesi \u00f6\u011frencisi ve ailesini de ziyaret eden Rekt\u00f6r Y\u0131lmaz \u00a0\u00f6\u011frenci ve ailesinin durumlar\u0131 ile ilgili bilgi ald\u0131. Rekt\u00f6r Y\u0131lmaz, depremden etkilenen \u00e7ocuklarla bir s\u00fcre sohbet ettikten\u00a0sonra\u00a0b\u00f6lgede g\u00f6rev yapan personelle bir araya geldi.<\/p>\n\n\n\n<p>Kahramanmara\u015f\u2019\u0131n Pazarc\u0131k ve Elbistan il\u00e7eleri merkezli\u00a0olarak\u00a0ya\u015fanan ve 11 ilimizi etkileyen deprem felaketi\u00a0sonras\u0131 \u00a0depremden etkilenen vatanda\u015flara\u00a0destek olmak amac\u0131yla Tokat Gaziosmanpa\u015fa \u00dcniversitesi taraf\u0131ndan\u00a0yard\u0131m ekipleri, g\u0131da \u00a0ve k\u0131yafet malzemeleri, deprem b\u00f6lgelerine sevk edilmi\u015fti. Bu kapsamda Ad\u0131yaman\u2019\u0131n G\u00f6lba\u015f\u0131 il\u00e7esine de personel, yard\u0131m malzemeleri ve mobil \u00a0mutfak g\u00f6nderilmi\u015fti. Rekt\u00f6r Prof. Dr. Fatih Y\u0131lmaz, b\u00f6lgeyi ziyaret ederek\u00a0konteyner ve\u00a0 \u00e7ad\u0131r kentte kalan afetzede vatanda\u015flara ge\u00e7mi\u015f olsun dileklerini iletti. Ayr\u0131ca, TOG\u00dc taraf\u0131ndan b\u00f6lgede\u00a0hizmete \u00a0sunulan mobil mutfakta s\u0131cak\u00a0yemekhizmetini yerinde inceledi.<\/p>\n\n\n\n<p>Ad\u0131yaman\u2019\u0131n G\u00f6lba\u015f\u0131 il\u00e7esine yap\u0131lan ziyarette Rekt\u00f6r Y\u0131lmaz\u2019a Rekt\u00f6r Yard\u0131mc\u0131s\u0131 Prof. Dr. Rasim Ko\u00e7yi\u011fit ve Rekt\u00f6r Dan\u0131\u015fman\u0131Do\u00e7. Dr. Yusuf Tem\u00fcr e\u015flik etti.<\/p>\n","protected":false},"excerpt":{"rendered":"<p>Tokat Gaziosmanpa\u015fa \u00dcniversitesi Rekt\u00f6r\u00fc Prof. Dr. Fatih Y\u0131lmaz, afet b\u00f6lgesi Ad\u0131yaman\u2019\u0131n G\u00f6lba\u015f\u0131 il\u00e7esini ziyaret ederek afetzede vatanda\u015flara ge\u00e7mi\u015f olsun dileklerini iletti. Tokat Gaziosmanpa\u015fa \u00dcniversitesi Rekt\u00f6r\u00fc Prof. Dr. Fatih Y\u0131lmaz, afet b\u00f6lgesi Ad\u0131yaman\u2019\u0131n G\u00f6lba\u015f\u0131 il\u00e7esini\u00a0ziyaret ederek \u00a0\u00c7ad\u0131r ve Konteyner kentte ya\u015fayan afetzede vatanda\u015flara ge\u00e7mi\u015f olsun dileklerini iletti. Ayr\u0131ca, G\u00f6lba\u015f\u0131\u2019da ailesiyle birlikte\u00a0depremden etkilenen TOG\u00dc T\u0131p Fak\u00fcltesi \u00f6\u011frencisi [&hellip;]<\/p>\n","protected":false},"author":2,"featured_media":902,"comment_status":"open","ping_status":"open","sticky":false,"template":"","format":"standard","meta":{"footnotes":""},"categories":[1],"tags":[],"class_list":["post-901","post","type-post","status-publish","format-standard","has-post-thumbnail","hentry","category-turhal-haberleri"],"_links":{"self":[{"href":"https:\/\/www.turhalhakimiyet.com\/index.php\/wp-json\/wp\/v2\/posts\/901","targetHints":{"allow":["GET"]}}],"collection":[{"href":"https:\/\/www.turhalhakimiyet.com\/index.php\/wp-json\/wp\/v2\/posts"}],"about":[{"href":"https:\/\/www.turhalhakimiyet.com\/index.php\/wp-json\/wp\/v2\/types\/post"}],"author":[{"embeddable":true,"href":"https:\/\/www.turhalhakimiyet.com\/index.php\/wp-json\/wp\/v2\/users\/2"}],"replies":[{"embeddable":true,"href":"https:\/\/www.turhalhakimiyet.com\/index.php\/wp-json\/wp\/v2\/comments?post=901"}],"version-history":[{"count":1,"href":"https:\/\/www.turhalhakimiyet.com\/index.php\/wp-json\/wp\/v2\/posts\/901\/revisions"}],"predecessor-version":[{"id":903,"href":"https:\/\/www.turhalhakimiyet.com\/index.php\/wp-json\/wp\/v2\/posts\/901\/revisions\/903"}],"wp:featuredmedia":[{"embeddable":true,"href":"https:\/\/www.turhalhakimiyet.com\/index.php\/wp-json\/wp\/v2\/media\/902"}],"wp:attachment":[{"href":"https:\/\/www.turhalhakimiyet.com\/index.php\/wp-json\/wp\/v2\/media?parent=901"}],"wp:term":[{"taxonomy":"category","embeddable":true,"href":"https:\/\/www.turhalhakimiyet.com\/index.php\/wp-json\/wp\/v2\/categories?post=901"},{"taxonomy":"post_tag","embeddable":true,"href":"https:\/\/www.turhalhakimiyet.com\/index.php\/wp-json\/wp\/v2\/tags?post=901"}],"curies":[{"name":"wp","href":"https:\/\/api.w.org\/{rel}","templated":true}]}}