{"id":948,"date":"2023-03-17T10:19:49","date_gmt":"2023-03-17T07:19:49","guid":{"rendered":"https:\/\/www.turhalhakimiyet.com\/?p=948"},"modified":"2023-03-17T10:19:49","modified_gmt":"2023-03-17T07:19:49","slug":"tokat-gazeteciler-cemiyeti-baskani-incesoyluer-son-yolculuguna-ugurlandi","status":"publish","type":"post","link":"https:\/\/www.turhalhakimiyet.com\/index.php\/tokat-gazeteciler-cemiyeti-baskani-incesoyluer-son-yolculuguna-ugurlandi\/","title":{"rendered":"Tokat Gazeteciler Cemiyeti Ba\u015fkan\u0131 \u0130ncesoyluer, son yolculu\u011funa u\u011furland\u0131"},"content":{"rendered":"\n<h3 class=\"wp-block-heading\"><\/h3>\n\n\n\n<p>Tokat Gaziosmanpa\u015fa \u00dcniversitesi Hastanesi yo\u011fun bak\u0131m servisinde \u015feker hastal\u0131\u011f\u0131na ba\u011fl\u0131 bir s\u00fcredir tedavi g\u00f6ren Tokat Gazeteciler Cemiyeti Ba\u015fkan\u0131 Cemal \u0130ncesoyluer hayat\u0131n\u0131 kaybetti. Hastane morgundan al\u0131nan \u0130ncesoyluer&#8217;in cenazesi Tokat Gazeteciler Cemiyeti \u00f6n\u00fcne getirildi. Yap\u0131lan konu\u015fma ve okunan dualar\u0131n ard\u0131ndan \u0130nceoyluer&#8217;in tabutunun \u00fczerine \u00e7i\u00e7ekler b\u0131rak\u0131ld\u0131. Alipa\u015fa Camisinde ikindi namaz\u0131na m\u00fcteakiben k\u0131l\u0131nan cenaze namaz\u0131na Tokat protokol\u00fc, bas\u0131n mensuplar\u0131 ile \u00e7ok say\u0131da vatanda\u015f kat\u0131ld\u0131. \u0130ncesoyluer&#8217;in cenazesi Erenler Mezarl\u0131\u011f\u0131nda topra\u011fa verildi.<\/p>\n\n\n\n<p>Tokat Gazeteciler Cemiyeti Ba\u015fkan\u0131 ve T\u00fcrkiye Gazeteciler Federasyonu Genel Ba\u015fkan Yard\u0131mc\u0131s\u0131 \u0130ncesoyluer, ulusal ve yerel bir\u00e7ok bas\u0131n kurulu\u015funda g\u00f6rev yapt\u0131. \u0130ncesoyluer, evli ve 3 \u00e7ocuk babas\u0131 idi.<\/p>\n","protected":false},"excerpt":{"rendered":"<p>Tokat Gaziosmanpa\u015fa \u00dcniversitesi Hastanesi yo\u011fun bak\u0131m servisinde \u015feker hastal\u0131\u011f\u0131na ba\u011fl\u0131 bir s\u00fcredir tedavi g\u00f6ren Tokat Gazeteciler Cemiyeti Ba\u015fkan\u0131 Cemal \u0130ncesoyluer hayat\u0131n\u0131 kaybetti. Hastane morgundan al\u0131nan \u0130ncesoyluer&#8217;in cenazesi Tokat Gazeteciler Cemiyeti \u00f6n\u00fcne getirildi. Yap\u0131lan konu\u015fma ve okunan dualar\u0131n ard\u0131ndan \u0130nceoyluer&#8217;in tabutunun \u00fczerine \u00e7i\u00e7ekler b\u0131rak\u0131ld\u0131. Alipa\u015fa Camisinde ikindi namaz\u0131na m\u00fcteakiben k\u0131l\u0131nan cenaze namaz\u0131na Tokat protokol\u00fc, bas\u0131n mensuplar\u0131 [&hellip;]<\/p>\n","protected":false},"author":2,"featured_media":949,"comment_status":"open","ping_status":"open","sticky":false,"template":"","format":"standard","meta":{"footnotes":""},"categories":[1],"tags":[],"class_list":["post-948","post","type-post","status-publish","format-standard","has-post-thumbnail","hentry","category-turhal-haberleri"],"_links":{"self":[{"href":"https:\/\/www.turhalhakimiyet.com\/index.php\/wp-json\/wp\/v2\/posts\/948","targetHints":{"allow":["GET"]}}],"collection":[{"href":"https:\/\/www.turhalhakimiyet.com\/index.php\/wp-json\/wp\/v2\/posts"}],"about":[{"href":"https:\/\/www.turhalhakimiyet.com\/index.php\/wp-json\/wp\/v2\/types\/post"}],"author":[{"embeddable":true,"href":"https:\/\/www.turhalhakimiyet.com\/index.php\/wp-json\/wp\/v2\/users\/2"}],"replies":[{"embeddable":true,"href":"https:\/\/www.turhalhakimiyet.com\/index.php\/wp-json\/wp\/v2\/comments?post=948"}],"version-history":[{"count":1,"href":"https:\/\/www.turhalhakimiyet.com\/index.php\/wp-json\/wp\/v2\/posts\/948\/revisions"}],"predecessor-version":[{"id":950,"href":"https:\/\/www.turhalhakimiyet.com\/index.php\/wp-json\/wp\/v2\/posts\/948\/revisions\/950"}],"wp:featuredmedia":[{"embeddable":true,"href":"https:\/\/www.turhalhakimiyet.com\/index.php\/wp-json\/wp\/v2\/media\/949"}],"wp:attachment":[{"href":"https:\/\/www.turhalhakimiyet.com\/index.php\/wp-json\/wp\/v2\/media?parent=948"}],"wp:term":[{"taxonomy":"category","embeddable":true,"href":"https:\/\/www.turhalhakimiyet.com\/index.php\/wp-json\/wp\/v2\/categories?post=948"},{"taxonomy":"post_tag","embeddable":true,"href":"https:\/\/www.turhalhakimiyet.com\/index.php\/wp-json\/wp\/v2\/tags?post=948"}],"curies":[{"name":"wp","href":"https:\/\/api.w.org\/{rel}","templated":true}]}}