{"id":951,"date":"2023-03-17T10:21:52","date_gmt":"2023-03-17T07:21:52","guid":{"rendered":"https:\/\/www.turhalhakimiyet.com\/?p=951"},"modified":"2023-03-17T10:21:52","modified_gmt":"2023-03-17T07:21:52","slug":"konteyner-kente-hayirseverlerden-destek","status":"publish","type":"post","link":"https:\/\/www.turhalhakimiyet.com\/index.php\/konteyner-kente-hayirseverlerden-destek\/","title":{"rendered":"Konteyner kente hay\u0131rseverlerden destek"},"content":{"rendered":"\n<h3 class=\"wp-block-heading\">Tokatl\u0131 hay\u0131rseverlerin ba\u011f\u0131\u015flar\u0131 ile Ad\u0131yaman\u2019\u0131n G\u00f6lba\u015f\u0131 il\u00e7esinde olu\u015fturulan konteyner kent b\u00fcy\u00fcmeye devam ediyor.<\/h3>\n\n\n\n<p>Tokatl\u0131 hay\u0131rseverlerin ba\u011f\u0131\u015flar\u0131 ile Ad\u0131yaman&#8217;\u0131n G\u00f6lba\u015f\u0131 il\u00e7esinde olu\u015fturulan konteyner kent b\u00fcy\u00fcmeye devam ediyor.<\/p>\n\n\n\n<p>Kahramanmara\u015f merkezli depremden etkilenen Ad\u0131yaman&#8217;\u0131n G\u00f6lba\u015f\u0131 il\u00e7esinde konteyner kent kurulmas\u0131 i\u00e7in destekler devam ediyor. Tokat Valili\u011fi ile Tokat Belediyesi \u00f6nderli\u011finde hay\u0131rsever vatanda\u015flar\u0131n destekleri ile konteyner \u00fcretiliyor. Tokat OSB&#8217;de bir imalathanede \u00fcretimi yap\u0131lan konteynerler b\u00f6lgeye g\u00f6nderiliyor.<\/p>\n\n\n\n<p>Konteyner imalat\u00e7\u0131s\u0131 Fatih Boran, bug\u00fcne kadar 21 konteyner \u00fcreterek b\u00f6lgeye g\u00f6nderdiklerini ifade ederek, \u201cKonteyner imalat\u0131m\u0131z a\u015famal\u0131 olarak devam ediyor. Elimizden geldi\u011fi kadar biz de yard\u0131mc\u0131 olmaya \u00e7al\u0131\u015f\u0131yoruz. \u0130nsanlar so\u011fukta kalmas\u0131n diye h\u0131zl\u0131 bir \u015fekilde konteyner imalat\u0131 yap\u0131p buradan deprem b\u00f6lgesine sevk ediyoruz. Konteynerlerimiz 21 metrekare b\u00fcy\u00fckl\u00fc\u011f\u00fcndedir. \u0130\u00e7erisinde du\u015fakabin, klozet ve lavabo bulunmaktad\u0131r. Ayn\u0131 zamanda konteynerleri so\u011fuk ge\u00e7irmeyen k\u00f6p\u00fcklerden yap\u0131yoruz&#8221; diye konu\u015ftu<\/p>\n","protected":false},"excerpt":{"rendered":"<p>Tokatl\u0131 hay\u0131rseverlerin ba\u011f\u0131\u015flar\u0131 ile Ad\u0131yaman\u2019\u0131n G\u00f6lba\u015f\u0131 il\u00e7esinde olu\u015fturulan konteyner kent b\u00fcy\u00fcmeye devam ediyor. Tokatl\u0131 hay\u0131rseverlerin ba\u011f\u0131\u015flar\u0131 ile Ad\u0131yaman&#8217;\u0131n G\u00f6lba\u015f\u0131 il\u00e7esinde olu\u015fturulan konteyner kent b\u00fcy\u00fcmeye devam ediyor. Kahramanmara\u015f merkezli depremden etkilenen Ad\u0131yaman&#8217;\u0131n G\u00f6lba\u015f\u0131 il\u00e7esinde konteyner kent kurulmas\u0131 i\u00e7in destekler devam ediyor. Tokat Valili\u011fi ile Tokat Belediyesi \u00f6nderli\u011finde hay\u0131rsever vatanda\u015flar\u0131n destekleri ile konteyner \u00fcretiliyor. Tokat OSB&#8217;de bir [&hellip;]<\/p>\n","protected":false},"author":2,"featured_media":952,"comment_status":"open","ping_status":"open","sticky":false,"template":"","format":"standard","meta":{"footnotes":""},"categories":[1],"tags":[],"class_list":["post-951","post","type-post","status-publish","format-standard","has-post-thumbnail","hentry","category-turhal-haberleri"],"_links":{"self":[{"href":"https:\/\/www.turhalhakimiyet.com\/index.php\/wp-json\/wp\/v2\/posts\/951","targetHints":{"allow":["GET"]}}],"collection":[{"href":"https:\/\/www.turhalhakimiyet.com\/index.php\/wp-json\/wp\/v2\/posts"}],"about":[{"href":"https:\/\/www.turhalhakimiyet.com\/index.php\/wp-json\/wp\/v2\/types\/post"}],"author":[{"embeddable":true,"href":"https:\/\/www.turhalhakimiyet.com\/index.php\/wp-json\/wp\/v2\/users\/2"}],"replies":[{"embeddable":true,"href":"https:\/\/www.turhalhakimiyet.com\/index.php\/wp-json\/wp\/v2\/comments?post=951"}],"version-history":[{"count":1,"href":"https:\/\/www.turhalhakimiyet.com\/index.php\/wp-json\/wp\/v2\/posts\/951\/revisions"}],"predecessor-version":[{"id":953,"href":"https:\/\/www.turhalhakimiyet.com\/index.php\/wp-json\/wp\/v2\/posts\/951\/revisions\/953"}],"wp:featuredmedia":[{"embeddable":true,"href":"https:\/\/www.turhalhakimiyet.com\/index.php\/wp-json\/wp\/v2\/media\/952"}],"wp:attachment":[{"href":"https:\/\/www.turhalhakimiyet.com\/index.php\/wp-json\/wp\/v2\/media?parent=951"}],"wp:term":[{"taxonomy":"category","embeddable":true,"href":"https:\/\/www.turhalhakimiyet.com\/index.php\/wp-json\/wp\/v2\/categories?post=951"},{"taxonomy":"post_tag","embeddable":true,"href":"https:\/\/www.turhalhakimiyet.com\/index.php\/wp-json\/wp\/v2\/tags?post=951"}],"curies":[{"name":"wp","href":"https:\/\/api.w.org\/{rel}","templated":true}]}}